{"id":52118,"date":"2026-02-27T16:54:26","date_gmt":"2026-02-27T14:54:26","guid":{"rendered":"https:\/\/www.mxtotal.com\/blog\/?p=52118"},"modified":"2026-02-27T16:54:26","modified_gmt":"2026-02-27T14:54:26","slug":"mx-merida-daniela-guillen-comienza-con-victoria-en-el-campeonato-de-espana-de-motocross","status":"publish","type":"post","link":"https:\/\/www.mxtotal.com\/blog\/mx-merida-daniela-guillen-comienza-con-victoria-en-el-campeonato-de-espana-de-motocross\/","title":{"rendered":"MX M\u00e9rida: Daniela Guill\u00e9n comienza con victoria en el Campeonato de Espa\u00f1a de Motocross"},"content":{"rendered":"<div>\n<p>El Campeonato de Espa\u00f1a de <a href=\"https:\/\/www.mxtotal.com\/es\/16202\/motocross\/\">motocross<\/a> arrancaba este fin de semana en M\u00e9rida, con el Circuito V\u00eda de la Plata\u2013Rayanejos como escenario para un fin de semana donde las categor\u00edas de MX65, MX85, MXFemenino, MXS18 y MX M\u00e1ster comenzaban su temporada. Dos jornadas de carreras, donde la igualdad y el alto nivel marcaron el desarrollo de las mangas.<\/p>\n<h2><strong>MXFemenino: Daniela Guill\u00e9n domina con autoridad<\/strong><\/h2>\n<p>En la categor\u00eda MXFemenino, <strong>Daniela Guill\u00e9n <\/strong>fue claramente la referencia del fin de semana. Tras un a\u00f1o de ausencia en el campeonato, Daniela regresa y lo hace a lo grande. La piloto de Mequitec estuvo imbatible llev\u00e1ndose la pole y el doblete de victorias.<\/p>\n<p>La segunda posici\u00f3n fue para <strong>Elsa Andersson<\/strong>, que logr\u00f3 una P3 y P2 que le vali\u00f3 para quedar por delante de la vigente campeona <strong>Jana S\u00e1nchez<\/strong>, quien ocup\u00f3 la tercera posici\u00f3n en el podio tras terminar segunda y tercera.<\/p>\n<p>Un exitoso arranque con m\u00e1s de 20 pilotos que demuestra el auge el <a href=\"https:\/\/www.mxtotal.com\/es\/16202\/motocross\/\" data-internallinksmanager029f6b8e52c=\"1\" title=\"tienda de motocross\" target=\"_blank\" rel=\"noopener\">motocross<\/a> femenino.<\/p>\n<p><img loading=\"lazy\" decoding=\"async\" class=\"alignnone wp-image-49967 size-full\" src=\"https:\/\/prensarfme.com\/wp-content\/uploads\/2026\/02\/WhatsApp-Image-2026-02-21-at-12.45.51.jpeg\" alt=\"\" width=\"2000\" height=\"900\" srcset=\"https:\/\/prensarfme.com\/wp-content\/uploads\/2026\/02\/WhatsApp-Image-2026-02-21-at-12.45.51.jpeg 2000w, https:\/\/prensarfme.com\/wp-content\/uploads\/2026\/02\/WhatsApp-Image-2026-02-21-at-12.45.51-281x126.jpeg 281w, https:\/\/prensarfme.com\/wp-content\/uploads\/2026\/02\/WhatsApp-Image-2026-02-21-at-12.45.51-1360x612.jpeg 1360w, https:\/\/prensarfme.com\/wp-content\/uploads\/2026\/02\/WhatsApp-Image-2026-02-21-at-12.45.51-1068x481.jpeg 1068w, https:\/\/prensarfme.com\/wp-content\/uploads\/2026\/02\/WhatsApp-Image-2026-02-21-at-12.45.51-1536x691.jpeg 1536w, https:\/\/prensarfme.com\/wp-content\/uploads\/2026\/02\/WhatsApp-Image-2026-02-21-at-12.45.51-446x200.jpeg 446w\" sizes=\"auto, (max-width: 2000px) 100vw, 2000px\"\/><\/p>\n<h2><strong>MX65: \u00d3scar Mart\u00ednez se impone en un duelo milim\u00e9trico<\/strong><\/h2>\n<p>La categor\u00eda de los m\u00e1s j\u00f3venes reuni\u00f3 a m\u00e1s de 50 pilotos en la prueba inaugural del campeonato y nos volvi\u00f3 a ofrecer un espect\u00e1culo vibrante<strong>. Alonso Tribaldos<\/strong> fue el <strong>m\u00e1s r\u00e1pido<\/strong> en la <strong>clasificaci\u00f3n<\/strong>, aunque la suerte no estuvo de su lado en carrera y se qued\u00f3 a las puertas del podio.<\/p>\n<p><strong>\u00d3scar Mart\u00ednez<\/strong> y <strong>Gin\u00e9s Alacid, <\/strong>fueron los protagonistas luchando por la victoria. En la primera manga, la victoria fue para Gin\u00e9s por delante de \u00d3scar, pero en la segunda intercambiaron posiciones y esa victoria final le dio a \u00d3scar el triunfo en M\u00e9rida.<\/p>\n<p>El tercer escal\u00f3n del podio fue para <strong>Ad\u00e1n Quesada Cubino<\/strong>, Su regularidad, con dos terceras posiciones, le permiti\u00f3 cerrar el podio.<\/p>\n<p>La igualdad entre los tres primeros confirma que la temporada en MX65 ser\u00e1 una de las m\u00e1s abiertas de los \u00faltimos a\u00f1os.<\/p>\n<p><img loading=\"lazy\" decoding=\"async\" class=\"alignnone wp-image-49961 size-full\" src=\"https:\/\/prensarfme.com\/wp-content\/uploads\/2026\/02\/MX-MERIDA-MX65-MX85-SUB18-MMASTER-19.jpg\" alt=\"\" width=\"3600\" height=\"2400\" srcset=\"https:\/\/prensarfme.com\/wp-content\/uploads\/2026\/02\/MX-MERIDA-MX65-MX85-SUB18-MMASTER-19.jpg 3600w, https:\/\/prensarfme.com\/wp-content\/uploads\/2026\/02\/MX-MERIDA-MX65-MX85-SUB18-MMASTER-19-281x187.jpg 281w, https:\/\/prensarfme.com\/wp-content\/uploads\/2026\/02\/MX-MERIDA-MX65-MX85-SUB18-MMASTER-19-1360x907.jpg 1360w, https:\/\/prensarfme.com\/wp-content\/uploads\/2026\/02\/MX-MERIDA-MX65-MX85-SUB18-MMASTER-19-1068x712.jpg 1068w, https:\/\/prensarfme.com\/wp-content\/uploads\/2026\/02\/MX-MERIDA-MX65-MX85-SUB18-MMASTER-19-1536x1024.jpg 1536w, https:\/\/prensarfme.com\/wp-content\/uploads\/2026\/02\/MX-MERIDA-MX65-MX85-SUB18-MMASTER-19-2048x1365.jpg 2048w\" sizes=\"auto, (max-width: 3600px) 100vw, 3600px\"\/><\/p>\n<h2><strong>MX85: Izan Rodr\u00edguez impone su regularidad<\/strong><\/h2>\n<p>La categor\u00eda MX85 volvi\u00f3 a demostrar el enorme nivel de la base del motocross nacional, con una parrilla amplia y diferencias m\u00ednimas en cabeza. La victoria del fin de semana fue para <strong>Izan Rodr\u00edguez<\/strong>, que termin\u00f3 ambas mangas entre los primeros puestos.<\/p>\n<p>La segunda posici\u00f3n fue para <strong>Jos\u00e9 Antonio L\u00f3pez <\/strong>tras terminar segundo y tercero.<\/p>\n<p>Complet\u00f3 el podio <strong>Alberto Rodr\u00edguez Ramos<\/strong>, quien tras una primera manga donde termin\u00f3 sexto, sali\u00f3 a resarcirse y pudo llevarse la victoria en la segunda.<\/p>\n<p>La igualdad entre los cinco primeros clasificados, todos rodando en m\u00e1rgenes muy estrechos, confirma que la MX85 ser\u00e1 una de las categor\u00edas m\u00e1s abiertas del campeonato.<\/p>\n<p><img loading=\"lazy\" decoding=\"async\" class=\"alignnone wp-image-49946 size-full\" src=\"https:\/\/prensarfme.com\/wp-content\/uploads\/2026\/02\/MX-MERIDA-MX65-MX85-SUB18-MMASTER-4-e1771851244536.jpg\" alt=\"\" width=\"2682\" height=\"1770\" srcset=\"https:\/\/prensarfme.com\/wp-content\/uploads\/2026\/02\/MX-MERIDA-MX65-MX85-SUB18-MMASTER-4-e1771851244536.jpg 2682w, https:\/\/prensarfme.com\/wp-content\/uploads\/2026\/02\/MX-MERIDA-MX65-MX85-SUB18-MMASTER-4-e1771851244536-281x185.jpg 281w, https:\/\/prensarfme.com\/wp-content\/uploads\/2026\/02\/MX-MERIDA-MX65-MX85-SUB18-MMASTER-4-e1771851244536-1360x898.jpg 1360w, https:\/\/prensarfme.com\/wp-content\/uploads\/2026\/02\/MX-MERIDA-MX65-MX85-SUB18-MMASTER-4-e1771851244536-1068x705.jpg 1068w, https:\/\/prensarfme.com\/wp-content\/uploads\/2026\/02\/MX-MERIDA-MX65-MX85-SUB18-MMASTER-4-e1771851244536-1536x1014.jpg 1536w, https:\/\/prensarfme.com\/wp-content\/uploads\/2026\/02\/MX-MERIDA-MX65-MX85-SUB18-MMASTER-4-e1771851244536-2048x1352.jpg 2048w\" sizes=\"auto, (max-width: 2682px) 100vw, 2682px\"\/><\/p>\n<h2><strong>MXS18: Samuel Tapia marca el ritmo en Sub-18<\/strong><\/h2>\n<p>La parrilla de la categor\u00eda MXS18, estuvo repleta de pilotos que en realidad participan en el Campeonato de Espa\u00f1a de Motocross \u00c9lite. Muchos de ellos aprovecharon esta primera carrera como entrenamiento de cara al arranque de su temporada este fin de semana en Calatayud.<\/p>\n<p>As\u00ed pues, el ganador fue <strong>Samuel Tapia <\/strong>que se llev\u00f3 la victoria tras ser el m\u00e1s regular del fin de semana al finalizar con una victoria y una P2.<\/p>\n<p>La segunda posici\u00f3n del podio fue para <strong>Alex Lasheras<\/strong>, quien protagoniz\u00f3 una intensa lucha por las posiciones delanteras durante todo el fin de semana y finalmente termin\u00f3 quinto y segundo. Complet\u00f3 el podio <strong>Carlos Prat<\/strong> con una P4 y P3.<\/p>\n<p><img loading=\"lazy\" decoding=\"async\" class=\"alignnone wp-image-49963 size-full\" src=\"https:\/\/prensarfme.com\/wp-content\/uploads\/2026\/02\/MX-MERIDA-MX65-MX85-SUB18-MMASTER-21.jpg\" alt=\"\" width=\"3600\" height=\"2395\" srcset=\"https:\/\/prensarfme.com\/wp-content\/uploads\/2026\/02\/MX-MERIDA-MX65-MX85-SUB18-MMASTER-21.jpg 3600w, https:\/\/prensarfme.com\/wp-content\/uploads\/2026\/02\/MX-MERIDA-MX65-MX85-SUB18-MMASTER-21-281x187.jpg 281w, https:\/\/prensarfme.com\/wp-content\/uploads\/2026\/02\/MX-MERIDA-MX65-MX85-SUB18-MMASTER-21-1360x905.jpg 1360w, https:\/\/prensarfme.com\/wp-content\/uploads\/2026\/02\/MX-MERIDA-MX65-MX85-SUB18-MMASTER-21-1068x711.jpg 1068w, https:\/\/prensarfme.com\/wp-content\/uploads\/2026\/02\/MX-MERIDA-MX65-MX85-SUB18-MMASTER-21-1536x1022.jpg 1536w, https:\/\/prensarfme.com\/wp-content\/uploads\/2026\/02\/MX-MERIDA-MX65-MX85-SUB18-MMASTER-21-2048x1362.jpg 2048w\" sizes=\"auto, (max-width: 3600px) 100vw, 3600px\"\/><\/p>\n<h2><strong>MX M\u00e1ster: Cervantes y Villegas, protagonistas<\/strong><\/h2>\n<p>Las categor\u00edas M\u00e1ster ofrecieron carreras estrat\u00e9gicas y muy trabajadas en el Circuito V\u00eda de la Plata\u2013Rayanejos, con protagonismo para MX3 y MX4.<\/p>\n<p>En <strong>MX3<\/strong>, la victoria fue para <strong>Iv\u00e1n Cervantes<\/strong>, que firm\u00f3 una actuaci\u00f3n impecable tras dominar ambas mangas. El piloto marc\u00f3 adem\u00e1s la vuelta r\u00e1pida de la categor\u00eda.<\/p>\n<p>La segunda plaza fue para <strong>Joan Pau Segura,<\/strong> mientras que el tercer puesto lo ocup\u00f3 <strong>Pedro Jes\u00fas Herrera. <\/strong>En <strong>MX4<\/strong>, el triunfo fue para <strong>Antonio Villegas<\/strong>. El segundo puesto fue para <strong>Jos\u00e9 Javier Pais\u00e1n <\/strong>y el tercer escal\u00f3n del podio lo ocup\u00f3 <strong>Jos\u00e9 Francisco Guti\u00e9rrez.<\/strong><\/p>\n<p><img loading=\"lazy\" decoding=\"async\" class=\"alignnone wp-image-49958 size-full\" src=\"https:\/\/prensarfme.com\/wp-content\/uploads\/2026\/02\/MX-MERIDA-MX65-MX85-SUB18-MMASTER-16.jpg\" alt=\"\" width=\"3600\" height=\"2400\" srcset=\"https:\/\/prensarfme.com\/wp-content\/uploads\/2026\/02\/MX-MERIDA-MX65-MX85-SUB18-MMASTER-16.jpg 3600w, https:\/\/prensarfme.com\/wp-content\/uploads\/2026\/02\/MX-MERIDA-MX65-MX85-SUB18-MMASTER-16-281x187.jpg 281w, https:\/\/prensarfme.com\/wp-content\/uploads\/2026\/02\/MX-MERIDA-MX65-MX85-SUB18-MMASTER-16-1360x907.jpg 1360w, https:\/\/prensarfme.com\/wp-content\/uploads\/2026\/02\/MX-MERIDA-MX65-MX85-SUB18-MMASTER-16-1068x712.jpg 1068w, https:\/\/prensarfme.com\/wp-content\/uploads\/2026\/02\/MX-MERIDA-MX65-MX85-SUB18-MMASTER-16-1536x1024.jpg 1536w, https:\/\/prensarfme.com\/wp-content\/uploads\/2026\/02\/MX-MERIDA-MX65-MX85-SUB18-MMASTER-16-2048x1365.jpg 2048w\" sizes=\"auto, (max-width: 3600px) 100vw, 3600px\"\/><\/p>\n<p>La prueba de M\u00e9rida volvi\u00f3 a demostrar la fortaleza del Campeonato de Espa\u00f1a de Motocross en todas sus categor\u00edas. Desde la explosividad de MX65 hasta la madurez competitiva de MXFemenino y MXS18, el evento dej\u00f3 claro que el relevo generacional est\u00e1 garantizado.<\/p>\n<pre>Fotograf\u00edas: Carlos Calder\u00f3n<\/pre>\n<p>\n\t\tCopyright RFME. Fotograf\u00edas de libre reproducci\u00f3n en prensa escrita y web. Para cualquier otro uso contactar con el propietario.    <\/p>\n<\/p><\/div>\n<p><b>Noticia publicada por la RFME<\/b><\/p>\n","protected":false},"excerpt":{"rendered":"<p>El Campeonato de Espa\u00f1a de motocross arrancaba este fin de semana en M\u00e9rida, con el Circuito V\u00eda de la Plata\u2013Rayanejos como escenario para un fin de semana donde las categor\u00edas de MX65, MX85, MXFemenino, MXS18 y MX M\u00e1ster comenzaban su temporada. Dos jornadas de carreras, donde la igualdad y el alto nivel marcaron el desarrollo [&hellip;]<\/p>\n","protected":false},"author":3,"featured_media":52119,"comment_status":"closed","ping_status":"open","sticky":false,"template":"","format":"standard","meta":{"footnotes":""},"categories":[40],"tags":[],"class_list":{"0":"post-52118","1":"post","2":"type-post","3":"status-publish","4":"format-standard","5":"has-post-thumbnail","7":"category-motocross-espana"},"yoast_head":"<!-- This site is optimized with the Yoast SEO plugin v27.4 - https:\/\/yoast.com\/product\/yoast-seo-wordpress\/ -->\n<title>MX M\u00e9rida: Daniela Guill\u00e9n comienza con victoria en el Campeonato de Espa\u00f1a de Motocross - Blog Mxtotal<\/title>\n<meta name=\"robots\" content=\"index, follow, max-snippet:-1, max-image-preview:large, max-video-preview:-1\" \/>\n<link rel=\"canonical\" href=\"https:\/\/www.mxtotal.com\/blog\/mx-merida-daniela-guillen-comienza-con-victoria-en-el-campeonato-de-espana-de-motocross\/\" \/>\n<meta property=\"og:locale\" content=\"es_ES\" \/>\n<meta property=\"og:type\" content=\"article\" \/>\n<meta property=\"og:title\" content=\"MX M\u00e9rida: Daniela Guill\u00e9n comienza con victoria en el Campeonato de Espa\u00f1a de Motocross - Blog Mxtotal\" \/>\n<meta property=\"og:description\" content=\"El Campeonato de Espa\u00f1a de motocross arrancaba este fin de semana en M\u00e9rida, con el Circuito V\u00eda de la Plata\u2013Rayanejos como escenario para un fin de semana donde las categor\u00edas de MX65, MX85, MXFemenino, MXS18 y MX M\u00e1ster comenzaban su temporada. Dos jornadas de carreras, donde la igualdad y el alto nivel marcaron el desarrollo [&hellip;]\" \/>\n<meta property=\"og:url\" content=\"https:\/\/www.mxtotal.com\/blog\/mx-merida-daniela-guillen-comienza-con-victoria-en-el-campeonato-de-espana-de-motocross\/\" \/>\n<meta property=\"og:site_name\" content=\"Blog Mxtotal\" \/>\n<meta property=\"article:publisher\" content=\"https:\/\/www.facebook.com\/mxtotal\" \/>\n<meta property=\"article:published_time\" content=\"2026-02-27T14:54:26+00:00\" \/>\n<meta property=\"og:image\" content=\"https:\/\/www.mxtotal.com\/blog\/wp-content\/uploads\/2026\/02\/MX-MERIDA-MX65-MX85-SUB18-MMASTER-23-scaled.jpg\" \/>\n\t<meta property=\"og:image:width\" content=\"2560\" \/>\n\t<meta property=\"og:image:height\" content=\"1703\" \/>\n\t<meta property=\"og:image:type\" content=\"image\/jpeg\" \/>\n<meta name=\"author\" content=\"Colaborador\" \/>\n<meta name=\"twitter:card\" content=\"summary_large_image\" \/>\n<meta name=\"twitter:creator\" content=\"@mxtotal\" \/>\n<meta name=\"twitter:site\" content=\"@mxtotal\" \/>\n<meta name=\"twitter:label1\" content=\"Escrito por\" \/>\n\t<meta name=\"twitter:data1\" content=\"Colaborador\" \/>\n\t<meta name=\"twitter:label2\" content=\"Tiempo de lectura\" \/>\n\t<meta name=\"twitter:data2\" content=\"4 minutos\" \/>\n<script type=\"application\/ld+json\" class=\"yoast-schema-graph\">{\"@context\":\"https:\\\/\\\/schema.org\",\"@graph\":[{\"@type\":\"Article\",\"@id\":\"https:\\\/\\\/www.mxtotal.com\\\/blog\\\/mx-merida-daniela-guillen-comienza-con-victoria-en-el-campeonato-de-espana-de-motocross\\\/#article\",\"isPartOf\":{\"@id\":\"https:\\\/\\\/www.mxtotal.com\\\/blog\\\/mx-merida-daniela-guillen-comienza-con-victoria-en-el-campeonato-de-espana-de-motocross\\\/\"},\"author\":{\"name\":\"Colaborador\",\"@id\":\"https:\\\/\\\/www.mxtotal.com\\\/blog\\\/#\\\/schema\\\/person\\\/f6c003c52d6e8665b49fba06a70fd1e8\"},\"headline\":\"MX M\u00e9rida: Daniela Guill\u00e9n comienza con victoria en el Campeonato de Espa\u00f1a de Motocross\",\"datePublished\":\"2026-02-27T14:54:26+00:00\",\"mainEntityOfPage\":{\"@id\":\"https:\\\/\\\/www.mxtotal.com\\\/blog\\\/mx-merida-daniela-guillen-comienza-con-victoria-en-el-campeonato-de-espana-de-motocross\\\/\"},\"wordCount\":791,\"publisher\":{\"@id\":\"https:\\\/\\\/www.mxtotal.com\\\/blog\\\/#organization\"},\"image\":{\"@id\":\"https:\\\/\\\/www.mxtotal.com\\\/blog\\\/mx-merida-daniela-guillen-comienza-con-victoria-en-el-campeonato-de-espana-de-motocross\\\/#primaryimage\"},\"thumbnailUrl\":\"https:\\\/\\\/www.mxtotal.com\\\/blog\\\/wp-content\\\/uploads\\\/2026\\\/02\\\/MX-MERIDA-MX65-MX85-SUB18-MMASTER-23-scaled.jpg\",\"articleSection\":[\"Motocross Espa\u00f1a\"],\"inLanguage\":\"es\"},{\"@type\":\"WebPage\",\"@id\":\"https:\\\/\\\/www.mxtotal.com\\\/blog\\\/mx-merida-daniela-guillen-comienza-con-victoria-en-el-campeonato-de-espana-de-motocross\\\/\",\"url\":\"https:\\\/\\\/www.mxtotal.com\\\/blog\\\/mx-merida-daniela-guillen-comienza-con-victoria-en-el-campeonato-de-espana-de-motocross\\\/\",\"name\":\"MX M\u00e9rida: Daniela Guill\u00e9n comienza con victoria en el Campeonato de Espa\u00f1a de Motocross - Blog Mxtotal\",\"isPartOf\":{\"@id\":\"https:\\\/\\\/www.mxtotal.com\\\/blog\\\/#website\"},\"primaryImageOfPage\":{\"@id\":\"https:\\\/\\\/www.mxtotal.com\\\/blog\\\/mx-merida-daniela-guillen-comienza-con-victoria-en-el-campeonato-de-espana-de-motocross\\\/#primaryimage\"},\"image\":{\"@id\":\"https:\\\/\\\/www.mxtotal.com\\\/blog\\\/mx-merida-daniela-guillen-comienza-con-victoria-en-el-campeonato-de-espana-de-motocross\\\/#primaryimage\"},\"thumbnailUrl\":\"https:\\\/\\\/www.mxtotal.com\\\/blog\\\/wp-content\\\/uploads\\\/2026\\\/02\\\/MX-MERIDA-MX65-MX85-SUB18-MMASTER-23-scaled.jpg\",\"datePublished\":\"2026-02-27T14:54:26+00:00\",\"breadcrumb\":{\"@id\":\"https:\\\/\\\/www.mxtotal.com\\\/blog\\\/mx-merida-daniela-guillen-comienza-con-victoria-en-el-campeonato-de-espana-de-motocross\\\/#breadcrumb\"},\"inLanguage\":\"es\",\"potentialAction\":[{\"@type\":\"ReadAction\",\"target\":[\"https:\\\/\\\/www.mxtotal.com\\\/blog\\\/mx-merida-daniela-guillen-comienza-con-victoria-en-el-campeonato-de-espana-de-motocross\\\/\"]}]},{\"@type\":\"ImageObject\",\"inLanguage\":\"es\",\"@id\":\"https:\\\/\\\/www.mxtotal.com\\\/blog\\\/mx-merida-daniela-guillen-comienza-con-victoria-en-el-campeonato-de-espana-de-motocross\\\/#primaryimage\",\"url\":\"https:\\\/\\\/www.mxtotal.com\\\/blog\\\/wp-content\\\/uploads\\\/2026\\\/02\\\/MX-MERIDA-MX65-MX85-SUB18-MMASTER-23-scaled.jpg\",\"contentUrl\":\"https:\\\/\\\/www.mxtotal.com\\\/blog\\\/wp-content\\\/uploads\\\/2026\\\/02\\\/MX-MERIDA-MX65-MX85-SUB18-MMASTER-23-scaled.jpg\",\"width\":2560,\"height\":1703},{\"@type\":\"BreadcrumbList\",\"@id\":\"https:\\\/\\\/www.mxtotal.com\\\/blog\\\/mx-merida-daniela-guillen-comienza-con-victoria-en-el-campeonato-de-espana-de-motocross\\\/#breadcrumb\",\"itemListElement\":[{\"@type\":\"ListItem\",\"position\":1,\"name\":\"Portada\",\"item\":\"https:\\\/\\\/www.mxtotal.com\\\/blog\\\/\"},{\"@type\":\"ListItem\",\"position\":2,\"name\":\"MX M\u00e9rida: Daniela Guill\u00e9n comienza con victoria en el Campeonato de Espa\u00f1a de Motocross\"}]},{\"@type\":\"WebSite\",\"@id\":\"https:\\\/\\\/www.mxtotal.com\\\/blog\\\/#website\",\"url\":\"https:\\\/\\\/www.mxtotal.com\\\/blog\\\/\",\"name\":\"Blog Mxtotal\",\"description\":\"Blog de la tienda online de motocross Mxtotal\",\"publisher\":{\"@id\":\"https:\\\/\\\/www.mxtotal.com\\\/blog\\\/#organization\"},\"potentialAction\":[{\"@type\":\"SearchAction\",\"target\":{\"@type\":\"EntryPoint\",\"urlTemplate\":\"https:\\\/\\\/www.mxtotal.com\\\/blog\\\/?s={search_term_string}\"},\"query-input\":{\"@type\":\"PropertyValueSpecification\",\"valueRequired\":true,\"valueName\":\"search_term_string\"}}],\"inLanguage\":\"es\"},{\"@type\":\"Organization\",\"@id\":\"https:\\\/\\\/www.mxtotal.com\\\/blog\\\/#organization\",\"name\":\"Blog Mxtotal\",\"url\":\"https:\\\/\\\/www.mxtotal.com\\\/blog\\\/\",\"logo\":{\"@type\":\"ImageObject\",\"inLanguage\":\"es\",\"@id\":\"https:\\\/\\\/www.mxtotal.com\\\/blog\\\/#\\\/schema\\\/logo\\\/image\\\/\",\"url\":\"https:\\\/\\\/www.mxtotal.com\\\/blog\\\/wp-content\\\/uploads\\\/2023\\\/06\\\/logo_mxtotal.png\",\"contentUrl\":\"https:\\\/\\\/www.mxtotal.com\\\/blog\\\/wp-content\\\/uploads\\\/2023\\\/06\\\/logo_mxtotal.png\",\"width\":192,\"height\":192,\"caption\":\"Blog Mxtotal\"},\"image\":{\"@id\":\"https:\\\/\\\/www.mxtotal.com\\\/blog\\\/#\\\/schema\\\/logo\\\/image\\\/\"},\"sameAs\":[\"https:\\\/\\\/www.facebook.com\\\/mxtotal\",\"https:\\\/\\\/x.com\\\/mxtotal\",\"https:\\\/\\\/www.instagram.com\\\/mxtotal\\\/\"]},{\"@type\":\"Person\",\"@id\":\"https:\\\/\\\/www.mxtotal.com\\\/blog\\\/#\\\/schema\\\/person\\\/f6c003c52d6e8665b49fba06a70fd1e8\",\"name\":\"Colaborador\",\"image\":{\"@type\":\"ImageObject\",\"inLanguage\":\"es\",\"@id\":\"https:\\\/\\\/secure.gravatar.com\\\/avatar\\\/604cb15df773920cd961967c55dbe2827379c33870431c5a11140f31dabbe46e?s=96&d=mm&r=g\",\"url\":\"https:\\\/\\\/secure.gravatar.com\\\/avatar\\\/604cb15df773920cd961967c55dbe2827379c33870431c5a11140f31dabbe46e?s=96&d=mm&r=g\",\"contentUrl\":\"https:\\\/\\\/secure.gravatar.com\\\/avatar\\\/604cb15df773920cd961967c55dbe2827379c33870431c5a11140f31dabbe46e?s=96&d=mm&r=g\",\"caption\":\"Colaborador\"}}]}<\/script>\n<!-- \/ Yoast SEO plugin. -->","yoast_head_json":{"title":"MX M\u00e9rida: Daniela Guill\u00e9n comienza con victoria en el Campeonato de Espa\u00f1a de Motocross - Blog Mxtotal","robots":{"index":"index","follow":"follow","max-snippet":"max-snippet:-1","max-image-preview":"max-image-preview:large","max-video-preview":"max-video-preview:-1"},"canonical":"https:\/\/www.mxtotal.com\/blog\/mx-merida-daniela-guillen-comienza-con-victoria-en-el-campeonato-de-espana-de-motocross\/","og_locale":"es_ES","og_type":"article","og_title":"MX M\u00e9rida: Daniela Guill\u00e9n comienza con victoria en el Campeonato de Espa\u00f1a de Motocross - Blog Mxtotal","og_description":"El Campeonato de Espa\u00f1a de motocross arrancaba este fin de semana en M\u00e9rida, con el Circuito V\u00eda de la Plata\u2013Rayanejos como escenario para un fin de semana donde las categor\u00edas de MX65, MX85, MXFemenino, MXS18 y MX M\u00e1ster comenzaban su temporada. Dos jornadas de carreras, donde la igualdad y el alto nivel marcaron el desarrollo [&hellip;]","og_url":"https:\/\/www.mxtotal.com\/blog\/mx-merida-daniela-guillen-comienza-con-victoria-en-el-campeonato-de-espana-de-motocross\/","og_site_name":"Blog Mxtotal","article_publisher":"https:\/\/www.facebook.com\/mxtotal","article_published_time":"2026-02-27T14:54:26+00:00","og_image":[{"width":2560,"height":1703,"url":"https:\/\/www.mxtotal.com\/blog\/wp-content\/uploads\/2026\/02\/MX-MERIDA-MX65-MX85-SUB18-MMASTER-23-scaled.jpg","type":"image\/jpeg"}],"author":"Colaborador","twitter_card":"summary_large_image","twitter_creator":"@mxtotal","twitter_site":"@mxtotal","twitter_misc":{"Escrito por":"Colaborador","Tiempo de lectura":"4 minutos"},"schema":{"@context":"https:\/\/schema.org","@graph":[{"@type":"Article","@id":"https:\/\/www.mxtotal.com\/blog\/mx-merida-daniela-guillen-comienza-con-victoria-en-el-campeonato-de-espana-de-motocross\/#article","isPartOf":{"@id":"https:\/\/www.mxtotal.com\/blog\/mx-merida-daniela-guillen-comienza-con-victoria-en-el-campeonato-de-espana-de-motocross\/"},"author":{"name":"Colaborador","@id":"https:\/\/www.mxtotal.com\/blog\/#\/schema\/person\/f6c003c52d6e8665b49fba06a70fd1e8"},"headline":"MX M\u00e9rida: Daniela Guill\u00e9n comienza con victoria en el Campeonato de Espa\u00f1a de Motocross","datePublished":"2026-02-27T14:54:26+00:00","mainEntityOfPage":{"@id":"https:\/\/www.mxtotal.com\/blog\/mx-merida-daniela-guillen-comienza-con-victoria-en-el-campeonato-de-espana-de-motocross\/"},"wordCount":791,"publisher":{"@id":"https:\/\/www.mxtotal.com\/blog\/#organization"},"image":{"@id":"https:\/\/www.mxtotal.com\/blog\/mx-merida-daniela-guillen-comienza-con-victoria-en-el-campeonato-de-espana-de-motocross\/#primaryimage"},"thumbnailUrl":"https:\/\/www.mxtotal.com\/blog\/wp-content\/uploads\/2026\/02\/MX-MERIDA-MX65-MX85-SUB18-MMASTER-23-scaled.jpg","articleSection":["Motocross Espa\u00f1a"],"inLanguage":"es"},{"@type":"WebPage","@id":"https:\/\/www.mxtotal.com\/blog\/mx-merida-daniela-guillen-comienza-con-victoria-en-el-campeonato-de-espana-de-motocross\/","url":"https:\/\/www.mxtotal.com\/blog\/mx-merida-daniela-guillen-comienza-con-victoria-en-el-campeonato-de-espana-de-motocross\/","name":"MX M\u00e9rida: Daniela Guill\u00e9n comienza con victoria en el Campeonato de Espa\u00f1a de Motocross - Blog Mxtotal","isPartOf":{"@id":"https:\/\/www.mxtotal.com\/blog\/#website"},"primaryImageOfPage":{"@id":"https:\/\/www.mxtotal.com\/blog\/mx-merida-daniela-guillen-comienza-con-victoria-en-el-campeonato-de-espana-de-motocross\/#primaryimage"},"image":{"@id":"https:\/\/www.mxtotal.com\/blog\/mx-merida-daniela-guillen-comienza-con-victoria-en-el-campeonato-de-espana-de-motocross\/#primaryimage"},"thumbnailUrl":"https:\/\/www.mxtotal.com\/blog\/wp-content\/uploads\/2026\/02\/MX-MERIDA-MX65-MX85-SUB18-MMASTER-23-scaled.jpg","datePublished":"2026-02-27T14:54:26+00:00","breadcrumb":{"@id":"https:\/\/www.mxtotal.com\/blog\/mx-merida-daniela-guillen-comienza-con-victoria-en-el-campeonato-de-espana-de-motocross\/#breadcrumb"},"inLanguage":"es","potentialAction":[{"@type":"ReadAction","target":["https:\/\/www.mxtotal.com\/blog\/mx-merida-daniela-guillen-comienza-con-victoria-en-el-campeonato-de-espana-de-motocross\/"]}]},{"@type":"ImageObject","inLanguage":"es","@id":"https:\/\/www.mxtotal.com\/blog\/mx-merida-daniela-guillen-comienza-con-victoria-en-el-campeonato-de-espana-de-motocross\/#primaryimage","url":"https:\/\/www.mxtotal.com\/blog\/wp-content\/uploads\/2026\/02\/MX-MERIDA-MX65-MX85-SUB18-MMASTER-23-scaled.jpg","contentUrl":"https:\/\/www.mxtotal.com\/blog\/wp-content\/uploads\/2026\/02\/MX-MERIDA-MX65-MX85-SUB18-MMASTER-23-scaled.jpg","width":2560,"height":1703},{"@type":"BreadcrumbList","@id":"https:\/\/www.mxtotal.com\/blog\/mx-merida-daniela-guillen-comienza-con-victoria-en-el-campeonato-de-espana-de-motocross\/#breadcrumb","itemListElement":[{"@type":"ListItem","position":1,"name":"Portada","item":"https:\/\/www.mxtotal.com\/blog\/"},{"@type":"ListItem","position":2,"name":"MX M\u00e9rida: Daniela Guill\u00e9n comienza con victoria en el Campeonato de Espa\u00f1a de Motocross"}]},{"@type":"WebSite","@id":"https:\/\/www.mxtotal.com\/blog\/#website","url":"https:\/\/www.mxtotal.com\/blog\/","name":"Blog Mxtotal","description":"Blog de la tienda online de motocross Mxtotal","publisher":{"@id":"https:\/\/www.mxtotal.com\/blog\/#organization"},"potentialAction":[{"@type":"SearchAction","target":{"@type":"EntryPoint","urlTemplate":"https:\/\/www.mxtotal.com\/blog\/?s={search_term_string}"},"query-input":{"@type":"PropertyValueSpecification","valueRequired":true,"valueName":"search_term_string"}}],"inLanguage":"es"},{"@type":"Organization","@id":"https:\/\/www.mxtotal.com\/blog\/#organization","name":"Blog Mxtotal","url":"https:\/\/www.mxtotal.com\/blog\/","logo":{"@type":"ImageObject","inLanguage":"es","@id":"https:\/\/www.mxtotal.com\/blog\/#\/schema\/logo\/image\/","url":"https:\/\/www.mxtotal.com\/blog\/wp-content\/uploads\/2023\/06\/logo_mxtotal.png","contentUrl":"https:\/\/www.mxtotal.com\/blog\/wp-content\/uploads\/2023\/06\/logo_mxtotal.png","width":192,"height":192,"caption":"Blog Mxtotal"},"image":{"@id":"https:\/\/www.mxtotal.com\/blog\/#\/schema\/logo\/image\/"},"sameAs":["https:\/\/www.facebook.com\/mxtotal","https:\/\/x.com\/mxtotal","https:\/\/www.instagram.com\/mxtotal\/"]},{"@type":"Person","@id":"https:\/\/www.mxtotal.com\/blog\/#\/schema\/person\/f6c003c52d6e8665b49fba06a70fd1e8","name":"Colaborador","image":{"@type":"ImageObject","inLanguage":"es","@id":"https:\/\/secure.gravatar.com\/avatar\/604cb15df773920cd961967c55dbe2827379c33870431c5a11140f31dabbe46e?s=96&d=mm&r=g","url":"https:\/\/secure.gravatar.com\/avatar\/604cb15df773920cd961967c55dbe2827379c33870431c5a11140f31dabbe46e?s=96&d=mm&r=g","contentUrl":"https:\/\/secure.gravatar.com\/avatar\/604cb15df773920cd961967c55dbe2827379c33870431c5a11140f31dabbe46e?s=96&d=mm&r=g","caption":"Colaborador"}}]}},"_links":{"self":[{"href":"https:\/\/www.mxtotal.com\/blog\/wp-json\/wp\/v2\/posts\/52118","targetHints":{"allow":["GET"]}}],"collection":[{"href":"https:\/\/www.mxtotal.com\/blog\/wp-json\/wp\/v2\/posts"}],"about":[{"href":"https:\/\/www.mxtotal.com\/blog\/wp-json\/wp\/v2\/types\/post"}],"author":[{"embeddable":true,"href":"https:\/\/www.mxtotal.com\/blog\/wp-json\/wp\/v2\/users\/3"}],"replies":[{"embeddable":true,"href":"https:\/\/www.mxtotal.com\/blog\/wp-json\/wp\/v2\/comments?post=52118"}],"version-history":[{"count":1,"href":"https:\/\/www.mxtotal.com\/blog\/wp-json\/wp\/v2\/posts\/52118\/revisions"}],"predecessor-version":[{"id":52286,"href":"https:\/\/www.mxtotal.com\/blog\/wp-json\/wp\/v2\/posts\/52118\/revisions\/52286"}],"wp:featuredmedia":[{"embeddable":true,"href":"https:\/\/www.mxtotal.com\/blog\/wp-json\/wp\/v2\/media\/52119"}],"wp:attachment":[{"href":"https:\/\/www.mxtotal.com\/blog\/wp-json\/wp\/v2\/media?parent=52118"}],"wp:term":[{"taxonomy":"category","embeddable":true,"href":"https:\/\/www.mxtotal.com\/blog\/wp-json\/wp\/v2\/categories?post=52118"},{"taxonomy":"post_tag","embeddable":true,"href":"https:\/\/www.mxtotal.com\/blog\/wp-json\/wp\/v2\/tags?post=52118"}],"curies":[{"name":"wp","href":"https:\/\/api.w.org\/{rel}","templated":true}]}}