{"id":52191,"date":"2026-02-27T17:09:37","date_gmt":"2026-02-27T15:09:37","guid":{"rendered":"https:\/\/www.mxtotal.com\/blog\/?p=52191"},"modified":"2026-02-27T17:09:37","modified_gmt":"2026-02-27T15:09:37","slug":"calatayud-inaugura-el-campeonato-de-espana-elite-mx","status":"publish","type":"post","link":"https:\/\/www.mxtotal.com\/blog\/calatayud-inaugura-el-campeonato-de-espana-elite-mx\/","title":{"rendered":"Calatayud inaugura el Campeonato de Espa\u00f1a \u00c9lite MX"},"content":{"rendered":"<div id=\"post-49975\">\n\t<!-- .entry-header --><\/p>\n<div class=\"entry-content\">\n<p>El <strong>Campeonato de Espa\u00f1a de <a href=\"https:\/\/www.mxtotal.com\/es\/16202\/motocross\/\">motocross<\/a> \u00c9lite <\/strong>comienza este fin de semana en Calatayud. El circuito a los pies del Castillo de Ayud ser\u00e1 testigo del arranque de la temporada de las categor\u00edas \u00c9lite-MX1, \u00c9lite-MX2 y MX125cc.<\/p>\n<p>Un nuevo a\u00f1o de aut\u00e9ntico espect\u00e1culo del mejor <a href=\"https:\/\/www.mxtotal.com\/es\/16202\/motocross\/\" data-internallinksmanager029f6b8e52c=\"1\" title=\"tienda de motocross\" target=\"_blank\" rel=\"noopener\">motocross<\/a> nacional que regresa con muchas novedades: nuevos pilotos, cambios de equipo, debuts en categor\u00edas m\u00e1s altas, etc.<\/p>\n<p>Durante el <strong>s\u00e1bado y domingo<\/strong>, los mejores pilotos del panorama nacional se dar\u00e1n cita en tierras aragonesas en una prueba que promete emoci\u00f3n, intensidad y un gran ambiente para los aficionados.<\/p>\n<h2>La carrera, en directo<\/h2>\n<p>Un a\u00f1o m\u00e1s, la RFME retransmitir\u00e1 en directo a trav\u00e9s de su <a href=\"https:\/\/www.youtube.com\/@RFME\">canal oficial de YouTube<\/a> todas las mangas del domingo correspondientes a las siete pruebas del calendario.<\/p>\n<p data-start=\"236\" data-end=\"421\">Adem\u00e1s, la Federaci\u00f3n mantiene su acuerdo de colaboraci\u00f3n con Televisi\u00f3n Espa\u00f1ola, que emitir\u00e1 las carreras en RTVE Play y en Teledeporte, ampliando as\u00ed la cobertura a nivel nacional.<\/p>\n<p data-start=\"423\" data-end=\"626\">Y la difusi\u00f3n no se detiene en nuestras fronteras: el campeonato tambi\u00e9n contar\u00e1 con proyecci\u00f3n internacional gracias a la plataforma oficial de la Federaci\u00f3n Internacional de Motociclismo, <a href=\"https:\/\/fim-moto.tv\/rfme\">FIM-MotoTV<\/a>.<\/p>\n<p data-start=\"628\" data-end=\"788\">As\u00ed que, si eres amante del motocross y no puedes desplazarte a los circuitos, podr\u00e1s seguir toda la emoci\u00f3n del campeonato en directo desde cualquier pantalla.<\/p>\n<p><a href=\"https:\/\/www.youtube.com\/@RFME\">VER EN DIRECTO<\/a><\/p>\n<\/p><\/div>\n<p><!-- .entry-content --><\/p>\n<p>\t<!-- .entry-footer -->\n<\/div>\n<p><b>Noticia publicada por la RFME<\/b><\/p>\n","protected":false},"excerpt":{"rendered":"<p>El Campeonato de Espa\u00f1a de motocross \u00c9lite comienza este fin de semana en Calatayud. El circuito a los pies del Castillo de Ayud ser\u00e1 testigo del arranque de la temporada de las categor\u00edas \u00c9lite-MX1, \u00c9lite-MX2 y MX125cc. Un nuevo a\u00f1o de aut\u00e9ntico espect\u00e1culo del mejor motocross nacional que regresa con muchas novedades: nuevos pilotos, cambios [&hellip;]<\/p>\n","protected":false},"author":3,"featured_media":52192,"comment_status":"closed","ping_status":"open","sticky":false,"template":"","format":"standard","meta":{"footnotes":""},"categories":[40],"tags":[],"class_list":{"0":"post-52191","1":"post","2":"type-post","3":"status-publish","4":"format-standard","5":"has-post-thumbnail","7":"category-motocross-espana"},"yoast_head":"<!-- This site is optimized with the Yoast SEO plugin v27.4 - https:\/\/yoast.com\/product\/yoast-seo-wordpress\/ -->\n<title>Calatayud inaugura el Campeonato de Espa\u00f1a \u00c9lite MX - Blog Mxtotal<\/title>\n<meta name=\"robots\" content=\"index, follow, max-snippet:-1, max-image-preview:large, max-video-preview:-1\" \/>\n<link rel=\"canonical\" href=\"https:\/\/www.mxtotal.com\/blog\/calatayud-inaugura-el-campeonato-de-espana-elite-mx\/\" \/>\n<meta property=\"og:locale\" content=\"es_ES\" \/>\n<meta property=\"og:type\" content=\"article\" \/>\n<meta property=\"og:title\" content=\"Calatayud inaugura el Campeonato de Espa\u00f1a \u00c9lite MX - Blog Mxtotal\" \/>\n<meta property=\"og:description\" content=\"El Campeonato de Espa\u00f1a de motocross \u00c9lite comienza este fin de semana en Calatayud. El circuito a los pies del Castillo de Ayud ser\u00e1 testigo del arranque de la temporada de las categor\u00edas \u00c9lite-MX1, \u00c9lite-MX2 y MX125cc. Un nuevo a\u00f1o de aut\u00e9ntico espect\u00e1culo del mejor motocross nacional que regresa con muchas novedades: nuevos pilotos, cambios [&hellip;]\" \/>\n<meta property=\"og:url\" content=\"https:\/\/www.mxtotal.com\/blog\/calatayud-inaugura-el-campeonato-de-espana-elite-mx\/\" \/>\n<meta property=\"og:site_name\" content=\"Blog Mxtotal\" \/>\n<meta property=\"article:publisher\" content=\"https:\/\/www.facebook.com\/mxtotal\" \/>\n<meta property=\"article:published_time\" content=\"2026-02-27T15:09:37+00:00\" \/>\n<meta property=\"og:image\" content=\"https:\/\/www.mxtotal.com\/blog\/wp-content\/uploads\/2026\/02\/Comienzo-temporada-2026.jpg\" \/>\n\t<meta property=\"og:image:width\" content=\"1280\" \/>\n\t<meta property=\"og:image:height\" content=\"720\" \/>\n\t<meta property=\"og:image:type\" content=\"image\/jpeg\" \/>\n<meta name=\"author\" content=\"Colaborador\" \/>\n<meta name=\"twitter:card\" content=\"summary_large_image\" \/>\n<meta name=\"twitter:creator\" content=\"@mxtotal\" \/>\n<meta name=\"twitter:site\" content=\"@mxtotal\" \/>\n<meta name=\"twitter:label1\" content=\"Escrito por\" \/>\n\t<meta name=\"twitter:data1\" content=\"Colaborador\" \/>\n\t<meta name=\"twitter:label2\" content=\"Tiempo de lectura\" \/>\n\t<meta name=\"twitter:data2\" content=\"1 minuto\" \/>\n<script type=\"application\/ld+json\" class=\"yoast-schema-graph\">{\"@context\":\"https:\\\/\\\/schema.org\",\"@graph\":[{\"@type\":\"Article\",\"@id\":\"https:\\\/\\\/www.mxtotal.com\\\/blog\\\/calatayud-inaugura-el-campeonato-de-espana-elite-mx\\\/#article\",\"isPartOf\":{\"@id\":\"https:\\\/\\\/www.mxtotal.com\\\/blog\\\/calatayud-inaugura-el-campeonato-de-espana-elite-mx\\\/\"},\"author\":{\"name\":\"Colaborador\",\"@id\":\"https:\\\/\\\/www.mxtotal.com\\\/blog\\\/#\\\/schema\\\/person\\\/f6c003c52d6e8665b49fba06a70fd1e8\"},\"headline\":\"Calatayud inaugura el Campeonato de Espa\u00f1a \u00c9lite MX\",\"datePublished\":\"2026-02-27T15:09:37+00:00\",\"mainEntityOfPage\":{\"@id\":\"https:\\\/\\\/www.mxtotal.com\\\/blog\\\/calatayud-inaugura-el-campeonato-de-espana-elite-mx\\\/\"},\"wordCount\":250,\"publisher\":{\"@id\":\"https:\\\/\\\/www.mxtotal.com\\\/blog\\\/#organization\"},\"image\":{\"@id\":\"https:\\\/\\\/www.mxtotal.com\\\/blog\\\/calatayud-inaugura-el-campeonato-de-espana-elite-mx\\\/#primaryimage\"},\"thumbnailUrl\":\"https:\\\/\\\/www.mxtotal.com\\\/blog\\\/wp-content\\\/uploads\\\/2026\\\/02\\\/Comienzo-temporada-2026.jpg\",\"articleSection\":[\"Motocross Espa\u00f1a\"],\"inLanguage\":\"es\"},{\"@type\":\"WebPage\",\"@id\":\"https:\\\/\\\/www.mxtotal.com\\\/blog\\\/calatayud-inaugura-el-campeonato-de-espana-elite-mx\\\/\",\"url\":\"https:\\\/\\\/www.mxtotal.com\\\/blog\\\/calatayud-inaugura-el-campeonato-de-espana-elite-mx\\\/\",\"name\":\"Calatayud inaugura el Campeonato de Espa\u00f1a \u00c9lite MX - Blog Mxtotal\",\"isPartOf\":{\"@id\":\"https:\\\/\\\/www.mxtotal.com\\\/blog\\\/#website\"},\"primaryImageOfPage\":{\"@id\":\"https:\\\/\\\/www.mxtotal.com\\\/blog\\\/calatayud-inaugura-el-campeonato-de-espana-elite-mx\\\/#primaryimage\"},\"image\":{\"@id\":\"https:\\\/\\\/www.mxtotal.com\\\/blog\\\/calatayud-inaugura-el-campeonato-de-espana-elite-mx\\\/#primaryimage\"},\"thumbnailUrl\":\"https:\\\/\\\/www.mxtotal.com\\\/blog\\\/wp-content\\\/uploads\\\/2026\\\/02\\\/Comienzo-temporada-2026.jpg\",\"datePublished\":\"2026-02-27T15:09:37+00:00\",\"breadcrumb\":{\"@id\":\"https:\\\/\\\/www.mxtotal.com\\\/blog\\\/calatayud-inaugura-el-campeonato-de-espana-elite-mx\\\/#breadcrumb\"},\"inLanguage\":\"es\",\"potentialAction\":[{\"@type\":\"ReadAction\",\"target\":[\"https:\\\/\\\/www.mxtotal.com\\\/blog\\\/calatayud-inaugura-el-campeonato-de-espana-elite-mx\\\/\"]}]},{\"@type\":\"ImageObject\",\"inLanguage\":\"es\",\"@id\":\"https:\\\/\\\/www.mxtotal.com\\\/blog\\\/calatayud-inaugura-el-campeonato-de-espana-elite-mx\\\/#primaryimage\",\"url\":\"https:\\\/\\\/www.mxtotal.com\\\/blog\\\/wp-content\\\/uploads\\\/2026\\\/02\\\/Comienzo-temporada-2026.jpg\",\"contentUrl\":\"https:\\\/\\\/www.mxtotal.com\\\/blog\\\/wp-content\\\/uploads\\\/2026\\\/02\\\/Comienzo-temporada-2026.jpg\",\"width\":1280,\"height\":720},{\"@type\":\"BreadcrumbList\",\"@id\":\"https:\\\/\\\/www.mxtotal.com\\\/blog\\\/calatayud-inaugura-el-campeonato-de-espana-elite-mx\\\/#breadcrumb\",\"itemListElement\":[{\"@type\":\"ListItem\",\"position\":1,\"name\":\"Portada\",\"item\":\"https:\\\/\\\/www.mxtotal.com\\\/blog\\\/\"},{\"@type\":\"ListItem\",\"position\":2,\"name\":\"Calatayud inaugura el Campeonato de Espa\u00f1a \u00c9lite MX\"}]},{\"@type\":\"WebSite\",\"@id\":\"https:\\\/\\\/www.mxtotal.com\\\/blog\\\/#website\",\"url\":\"https:\\\/\\\/www.mxtotal.com\\\/blog\\\/\",\"name\":\"Blog Mxtotal\",\"description\":\"Blog de la tienda online de motocross Mxtotal\",\"publisher\":{\"@id\":\"https:\\\/\\\/www.mxtotal.com\\\/blog\\\/#organization\"},\"potentialAction\":[{\"@type\":\"SearchAction\",\"target\":{\"@type\":\"EntryPoint\",\"urlTemplate\":\"https:\\\/\\\/www.mxtotal.com\\\/blog\\\/?s={search_term_string}\"},\"query-input\":{\"@type\":\"PropertyValueSpecification\",\"valueRequired\":true,\"valueName\":\"search_term_string\"}}],\"inLanguage\":\"es\"},{\"@type\":\"Organization\",\"@id\":\"https:\\\/\\\/www.mxtotal.com\\\/blog\\\/#organization\",\"name\":\"Blog Mxtotal\",\"url\":\"https:\\\/\\\/www.mxtotal.com\\\/blog\\\/\",\"logo\":{\"@type\":\"ImageObject\",\"inLanguage\":\"es\",\"@id\":\"https:\\\/\\\/www.mxtotal.com\\\/blog\\\/#\\\/schema\\\/logo\\\/image\\\/\",\"url\":\"https:\\\/\\\/www.mxtotal.com\\\/blog\\\/wp-content\\\/uploads\\\/2023\\\/06\\\/logo_mxtotal.png\",\"contentUrl\":\"https:\\\/\\\/www.mxtotal.com\\\/blog\\\/wp-content\\\/uploads\\\/2023\\\/06\\\/logo_mxtotal.png\",\"width\":192,\"height\":192,\"caption\":\"Blog Mxtotal\"},\"image\":{\"@id\":\"https:\\\/\\\/www.mxtotal.com\\\/blog\\\/#\\\/schema\\\/logo\\\/image\\\/\"},\"sameAs\":[\"https:\\\/\\\/www.facebook.com\\\/mxtotal\",\"https:\\\/\\\/x.com\\\/mxtotal\",\"https:\\\/\\\/www.instagram.com\\\/mxtotal\\\/\"]},{\"@type\":\"Person\",\"@id\":\"https:\\\/\\\/www.mxtotal.com\\\/blog\\\/#\\\/schema\\\/person\\\/f6c003c52d6e8665b49fba06a70fd1e8\",\"name\":\"Colaborador\",\"image\":{\"@type\":\"ImageObject\",\"inLanguage\":\"es\",\"@id\":\"https:\\\/\\\/secure.gravatar.com\\\/avatar\\\/604cb15df773920cd961967c55dbe2827379c33870431c5a11140f31dabbe46e?s=96&d=mm&r=g\",\"url\":\"https:\\\/\\\/secure.gravatar.com\\\/avatar\\\/604cb15df773920cd961967c55dbe2827379c33870431c5a11140f31dabbe46e?s=96&d=mm&r=g\",\"contentUrl\":\"https:\\\/\\\/secure.gravatar.com\\\/avatar\\\/604cb15df773920cd961967c55dbe2827379c33870431c5a11140f31dabbe46e?s=96&d=mm&r=g\",\"caption\":\"Colaborador\"}}]}<\/script>\n<!-- \/ Yoast SEO plugin. -->","yoast_head_json":{"title":"Calatayud inaugura el Campeonato de Espa\u00f1a \u00c9lite MX - Blog Mxtotal","robots":{"index":"index","follow":"follow","max-snippet":"max-snippet:-1","max-image-preview":"max-image-preview:large","max-video-preview":"max-video-preview:-1"},"canonical":"https:\/\/www.mxtotal.com\/blog\/calatayud-inaugura-el-campeonato-de-espana-elite-mx\/","og_locale":"es_ES","og_type":"article","og_title":"Calatayud inaugura el Campeonato de Espa\u00f1a \u00c9lite MX - Blog Mxtotal","og_description":"El Campeonato de Espa\u00f1a de motocross \u00c9lite comienza este fin de semana en Calatayud. El circuito a los pies del Castillo de Ayud ser\u00e1 testigo del arranque de la temporada de las categor\u00edas \u00c9lite-MX1, \u00c9lite-MX2 y MX125cc. Un nuevo a\u00f1o de aut\u00e9ntico espect\u00e1culo del mejor motocross nacional que regresa con muchas novedades: nuevos pilotos, cambios [&hellip;]","og_url":"https:\/\/www.mxtotal.com\/blog\/calatayud-inaugura-el-campeonato-de-espana-elite-mx\/","og_site_name":"Blog Mxtotal","article_publisher":"https:\/\/www.facebook.com\/mxtotal","article_published_time":"2026-02-27T15:09:37+00:00","og_image":[{"width":1280,"height":720,"url":"https:\/\/www.mxtotal.com\/blog\/wp-content\/uploads\/2026\/02\/Comienzo-temporada-2026.jpg","type":"image\/jpeg"}],"author":"Colaborador","twitter_card":"summary_large_image","twitter_creator":"@mxtotal","twitter_site":"@mxtotal","twitter_misc":{"Escrito por":"Colaborador","Tiempo de lectura":"1 minuto"},"schema":{"@context":"https:\/\/schema.org","@graph":[{"@type":"Article","@id":"https:\/\/www.mxtotal.com\/blog\/calatayud-inaugura-el-campeonato-de-espana-elite-mx\/#article","isPartOf":{"@id":"https:\/\/www.mxtotal.com\/blog\/calatayud-inaugura-el-campeonato-de-espana-elite-mx\/"},"author":{"name":"Colaborador","@id":"https:\/\/www.mxtotal.com\/blog\/#\/schema\/person\/f6c003c52d6e8665b49fba06a70fd1e8"},"headline":"Calatayud inaugura el Campeonato de Espa\u00f1a \u00c9lite MX","datePublished":"2026-02-27T15:09:37+00:00","mainEntityOfPage":{"@id":"https:\/\/www.mxtotal.com\/blog\/calatayud-inaugura-el-campeonato-de-espana-elite-mx\/"},"wordCount":250,"publisher":{"@id":"https:\/\/www.mxtotal.com\/blog\/#organization"},"image":{"@id":"https:\/\/www.mxtotal.com\/blog\/calatayud-inaugura-el-campeonato-de-espana-elite-mx\/#primaryimage"},"thumbnailUrl":"https:\/\/www.mxtotal.com\/blog\/wp-content\/uploads\/2026\/02\/Comienzo-temporada-2026.jpg","articleSection":["Motocross Espa\u00f1a"],"inLanguage":"es"},{"@type":"WebPage","@id":"https:\/\/www.mxtotal.com\/blog\/calatayud-inaugura-el-campeonato-de-espana-elite-mx\/","url":"https:\/\/www.mxtotal.com\/blog\/calatayud-inaugura-el-campeonato-de-espana-elite-mx\/","name":"Calatayud inaugura el Campeonato de Espa\u00f1a \u00c9lite MX - Blog Mxtotal","isPartOf":{"@id":"https:\/\/www.mxtotal.com\/blog\/#website"},"primaryImageOfPage":{"@id":"https:\/\/www.mxtotal.com\/blog\/calatayud-inaugura-el-campeonato-de-espana-elite-mx\/#primaryimage"},"image":{"@id":"https:\/\/www.mxtotal.com\/blog\/calatayud-inaugura-el-campeonato-de-espana-elite-mx\/#primaryimage"},"thumbnailUrl":"https:\/\/www.mxtotal.com\/blog\/wp-content\/uploads\/2026\/02\/Comienzo-temporada-2026.jpg","datePublished":"2026-02-27T15:09:37+00:00","breadcrumb":{"@id":"https:\/\/www.mxtotal.com\/blog\/calatayud-inaugura-el-campeonato-de-espana-elite-mx\/#breadcrumb"},"inLanguage":"es","potentialAction":[{"@type":"ReadAction","target":["https:\/\/www.mxtotal.com\/blog\/calatayud-inaugura-el-campeonato-de-espana-elite-mx\/"]}]},{"@type":"ImageObject","inLanguage":"es","@id":"https:\/\/www.mxtotal.com\/blog\/calatayud-inaugura-el-campeonato-de-espana-elite-mx\/#primaryimage","url":"https:\/\/www.mxtotal.com\/blog\/wp-content\/uploads\/2026\/02\/Comienzo-temporada-2026.jpg","contentUrl":"https:\/\/www.mxtotal.com\/blog\/wp-content\/uploads\/2026\/02\/Comienzo-temporada-2026.jpg","width":1280,"height":720},{"@type":"BreadcrumbList","@id":"https:\/\/www.mxtotal.com\/blog\/calatayud-inaugura-el-campeonato-de-espana-elite-mx\/#breadcrumb","itemListElement":[{"@type":"ListItem","position":1,"name":"Portada","item":"https:\/\/www.mxtotal.com\/blog\/"},{"@type":"ListItem","position":2,"name":"Calatayud inaugura el Campeonato de Espa\u00f1a \u00c9lite MX"}]},{"@type":"WebSite","@id":"https:\/\/www.mxtotal.com\/blog\/#website","url":"https:\/\/www.mxtotal.com\/blog\/","name":"Blog Mxtotal","description":"Blog de la tienda online de motocross Mxtotal","publisher":{"@id":"https:\/\/www.mxtotal.com\/blog\/#organization"},"potentialAction":[{"@type":"SearchAction","target":{"@type":"EntryPoint","urlTemplate":"https:\/\/www.mxtotal.com\/blog\/?s={search_term_string}"},"query-input":{"@type":"PropertyValueSpecification","valueRequired":true,"valueName":"search_term_string"}}],"inLanguage":"es"},{"@type":"Organization","@id":"https:\/\/www.mxtotal.com\/blog\/#organization","name":"Blog Mxtotal","url":"https:\/\/www.mxtotal.com\/blog\/","logo":{"@type":"ImageObject","inLanguage":"es","@id":"https:\/\/www.mxtotal.com\/blog\/#\/schema\/logo\/image\/","url":"https:\/\/www.mxtotal.com\/blog\/wp-content\/uploads\/2023\/06\/logo_mxtotal.png","contentUrl":"https:\/\/www.mxtotal.com\/blog\/wp-content\/uploads\/2023\/06\/logo_mxtotal.png","width":192,"height":192,"caption":"Blog Mxtotal"},"image":{"@id":"https:\/\/www.mxtotal.com\/blog\/#\/schema\/logo\/image\/"},"sameAs":["https:\/\/www.facebook.com\/mxtotal","https:\/\/x.com\/mxtotal","https:\/\/www.instagram.com\/mxtotal\/"]},{"@type":"Person","@id":"https:\/\/www.mxtotal.com\/blog\/#\/schema\/person\/f6c003c52d6e8665b49fba06a70fd1e8","name":"Colaborador","image":{"@type":"ImageObject","inLanguage":"es","@id":"https:\/\/secure.gravatar.com\/avatar\/604cb15df773920cd961967c55dbe2827379c33870431c5a11140f31dabbe46e?s=96&d=mm&r=g","url":"https:\/\/secure.gravatar.com\/avatar\/604cb15df773920cd961967c55dbe2827379c33870431c5a11140f31dabbe46e?s=96&d=mm&r=g","contentUrl":"https:\/\/secure.gravatar.com\/avatar\/604cb15df773920cd961967c55dbe2827379c33870431c5a11140f31dabbe46e?s=96&d=mm&r=g","caption":"Colaborador"}}]}},"_links":{"self":[{"href":"https:\/\/www.mxtotal.com\/blog\/wp-json\/wp\/v2\/posts\/52191","targetHints":{"allow":["GET"]}}],"collection":[{"href":"https:\/\/www.mxtotal.com\/blog\/wp-json\/wp\/v2\/posts"}],"about":[{"href":"https:\/\/www.mxtotal.com\/blog\/wp-json\/wp\/v2\/types\/post"}],"author":[{"embeddable":true,"href":"https:\/\/www.mxtotal.com\/blog\/wp-json\/wp\/v2\/users\/3"}],"replies":[{"embeddable":true,"href":"https:\/\/www.mxtotal.com\/blog\/wp-json\/wp\/v2\/comments?post=52191"}],"version-history":[{"count":1,"href":"https:\/\/www.mxtotal.com\/blog\/wp-json\/wp\/v2\/posts\/52191\/revisions"}],"predecessor-version":[{"id":52330,"href":"https:\/\/www.mxtotal.com\/blog\/wp-json\/wp\/v2\/posts\/52191\/revisions\/52330"}],"wp:featuredmedia":[{"embeddable":true,"href":"https:\/\/www.mxtotal.com\/blog\/wp-json\/wp\/v2\/media\/52192"}],"wp:attachment":[{"href":"https:\/\/www.mxtotal.com\/blog\/wp-json\/wp\/v2\/media?parent=52191"}],"wp:term":[{"taxonomy":"category","embeddable":true,"href":"https:\/\/www.mxtotal.com\/blog\/wp-json\/wp\/v2\/categories?post=52191"},{"taxonomy":"post_tag","embeddable":true,"href":"https:\/\/www.mxtotal.com\/blog\/wp-json\/wp\/v2\/tags?post=52191"}],"curies":[{"name":"wp","href":"https:\/\/api.w.org\/{rel}","templated":true}]}}