{"id":52288,"date":"2026-02-25T17:07:37","date_gmt":"2026-02-25T15:07:37","guid":{"rendered":"https:\/\/www.mxtotal.com\/blog\/?p=52288"},"modified":"2026-02-27T17:08:10","modified_gmt":"2026-02-27T15:08:10","slug":"ullastres-torres-primeros-lideres-de-la-resistencia-quad-2026","status":"publish","type":"post","link":"https:\/\/www.mxtotal.com\/blog\/ullastres-torres-primeros-lideres-de-la-resistencia-quad-2026\/","title":{"rendered":"Ullastres-Torres primeros l\u00edderes de la Resistencia Quad 2026"},"content":{"rendered":"\n<p>El pasado fin de semana en Campo de Cu\u00e9llar (Segovia) se disput\u00f3 la primera prueba puntuable para la Copa de Espa\u00f1a de resistencia <a href=\"https:\/\/www.mxtotal.com\/es\/16204\/quad\/\" data-internallinksmanager029f6b8e52c=\"4\" title=\"tienda de recambios para quad\" target=\"_blank\" rel=\"noopener\">Quad<\/a> 2026 con gran \u00e9xito de participaci\u00f3n, alt\u00edsimo nivel y un circuito perfectamente preparado.<br><br>El equipo <strong>B2R &#8211; 2Temps &#8211; Xtreme Graphics<\/strong>, con <strong>Guillem Ullastres<\/strong> y <strong>Anthony Torres<\/strong> como pilotos, domin\u00f3 la prueba de 5 horas y se colocan l\u00edderes del campeonato.<\/p>\n\n\n\n<hr class=\"wp-block-separator has-alpha-channel-opacity\"\/>\n\n\n\n<h2 class=\"wp-block-heading\">CLASIFICACI\u00d3N GENERAL<\/h2>\n\n\n\n<p><strong>1.\u00ba BUY2RACE \/ 2TEMPS \/ EXTREMEGRAPHICS<\/strong><br>Guillem Ullastres \u00b7 Anthony Torres<\/p>\n\n\n\n<p><strong>2.\u00ba STAR RACING <a href=\"https:\/\/www.mxtotal.com\/es\/16212\/yamaha-motocros\/\" data-internallinksmanager029f6b8e52c=\"21\" title=\"recambios yamaha motocross\" target=\"_blank\" rel=\"noopener\">YAMAHA<\/a><\/strong><br>Tom\u00e1s Sastre \u00b7 Luis Fernandes \u00b7 Ian RH55<\/p>\n\n\n\n<p><strong>3.\u00ba DESGUACE HERN\u00c1NDEZ<\/strong><br>Vinar\u00e0s Gallart \u00b7 Hernan Vaz \u00b7 C. Hern\u00e1ndez<\/p>\n\n\n\n<p><strong>4.\u00ba RP RACE<\/strong><br>V\u00edctor Rovi \u00b7 22F Palencia<\/p>\n\n\n\n<hr class=\"wp-block-separator has-alpha-channel-opacity\"\/>\n\n\n\n<h2 class=\"wp-block-heading\">VETERANOS<\/h2>\n\n\n\n<p><strong>1.\u00ba YAMAHA QUAD MANRESA<\/strong><br>Goikoteam \u00b7 Rub\u00e9n Garc\u00eda<\/p>\n\n\n\n<p><strong>2.\u00ba CAT TEAM<\/strong><br>Gabriel Xtreme \u00b7 Rub\u00e9n Soler<\/p>\n\n\n\n<p><strong>3.\u00ba TEAM 71<\/strong><br>Nutry215 \u00b7 Pedro Zambudio L\u00f3pez \u00b7 Riky Tito<\/p>\n\n\n\n<hr class=\"wp-block-separator has-alpha-channel-opacity\"\/>\n\n\n\n<h2 class=\"wp-block-heading\">SOLO<\/h2>\n\n\n\n<p><strong>1.\u00ba Diego Dopico<\/strong><br><strong>2.\u00ba Genito62<\/strong><br><strong>3.\u00ba Tito Saulo<\/strong><\/p>\n\n\n\n<hr class=\"wp-block-separator has-alpha-channel-opacity\"\/>\n\n\n\n<h2 class=\"wp-block-heading\">CATEGOR\u00cdA -400<\/h2>\n\n\n\n<p><strong>1.\u00ba MOTOGALOS<\/strong><br>Bruuuno \u00b7 Sergio Loureiro \u00b7 Tiago Oliveira<\/p>\n\n\n\n<p><strong>2.\u00ba TEAM 13 by GALLE63<\/strong><br>Pablo A\u00f1os \u00b7 Galle Fern\u00e1ndez<\/p>\n\n\n\n<p><strong>3.\u00ba PADRE &amp; SONS RACING<\/strong><br>Kike Rojas \u00b7 Markel \u00b7 Aratz<\/p>\n\n\n\n<hr class=\"wp-block-separator has-alpha-channel-opacity\"\/>\n\n\n\n<h2 class=\"wp-block-heading\">PREMIOS ESPECIALES<\/h2>\n\n\n\n<p><strong>Mejor F\u00e9mina:<\/strong><br>Sandra Rootsteam<\/p>\n\n\n\n<p><strong>Mejor Sub-20:<\/strong><br>22F Palencia<\/p>\n\n\n\n<p><\/p>\n\n\n\n<figure class=\"wp-block-gallery has-nested-images columns-default is-cropped wp-block-gallery-1 is-layout-flex wp-block-gallery-is-layout-flex\">\n<figure class=\"wp-block-image size-large\"><img loading=\"lazy\" decoding=\"async\" width=\"891\" height=\"1024\" data-id=\"52309\" src=\"https:\/\/www.mxtotal.com\/blog\/wp-content\/uploads\/2026\/02\/1-general_cuellar_2026-891x1024.jpg\" alt=\"\" class=\"wp-image-52309\" srcset=\"https:\/\/www.mxtotal.com\/blog\/wp-content\/uploads\/2026\/02\/1-general_cuellar_2026-891x1024.jpg 891w, https:\/\/www.mxtotal.com\/blog\/wp-content\/uploads\/2026\/02\/1-general_cuellar_2026-261x300.jpg 261w, https:\/\/www.mxtotal.com\/blog\/wp-content\/uploads\/2026\/02\/1-general_cuellar_2026-768x883.jpg 768w, https:\/\/www.mxtotal.com\/blog\/wp-content\/uploads\/2026\/02\/1-general_cuellar_2026-1336x1536.jpg 1336w, https:\/\/www.mxtotal.com\/blog\/wp-content\/uploads\/2026\/02\/1-general_cuellar_2026-365x420.jpg 365w, https:\/\/www.mxtotal.com\/blog\/wp-content\/uploads\/2026\/02\/1-general_cuellar_2026-150x172.jpg 150w, https:\/\/www.mxtotal.com\/blog\/wp-content\/uploads\/2026\/02\/1-general_cuellar_2026-300x345.jpg 300w, https:\/\/www.mxtotal.com\/blog\/wp-content\/uploads\/2026\/02\/1-general_cuellar_2026-696x800.jpg 696w, https:\/\/www.mxtotal.com\/blog\/wp-content\/uploads\/2026\/02\/1-general_cuellar_2026-1068x1228.jpg 1068w, https:\/\/www.mxtotal.com\/blog\/wp-content\/uploads\/2026\/02\/1-general_cuellar_2026.jpg 1781w\" sizes=\"auto, (max-width: 891px) 100vw, 891px\" \/><\/figure>\n\n\n\n<figure class=\"wp-block-image size-large\"><img loading=\"lazy\" decoding=\"async\" width=\"810\" height=\"1024\" data-id=\"52289\" src=\"https:\/\/www.mxtotal.com\/blog\/wp-content\/uploads\/2026\/02\/8-general_cuellar_2026-810x1024.jpg\" alt=\"\" class=\"wp-image-52289\" srcset=\"https:\/\/www.mxtotal.com\/blog\/wp-content\/uploads\/2026\/02\/8-general_cuellar_2026-810x1024.jpg 810w, https:\/\/www.mxtotal.com\/blog\/wp-content\/uploads\/2026\/02\/8-general_cuellar_2026-237x300.jpg 237w, https:\/\/www.mxtotal.com\/blog\/wp-content\/uploads\/2026\/02\/8-general_cuellar_2026-768x971.jpg 768w, https:\/\/www.mxtotal.com\/blog\/wp-content\/uploads\/2026\/02\/8-general_cuellar_2026-332x420.jpg 332w, https:\/\/www.mxtotal.com\/blog\/wp-content\/uploads\/2026\/02\/8-general_cuellar_2026-150x190.jpg 150w, https:\/\/www.mxtotal.com\/blog\/wp-content\/uploads\/2026\/02\/8-general_cuellar_2026-300x379.jpg 300w, https:\/\/www.mxtotal.com\/blog\/wp-content\/uploads\/2026\/02\/8-general_cuellar_2026-696x880.jpg 696w, https:\/\/www.mxtotal.com\/blog\/wp-content\/uploads\/2026\/02\/8-general_cuellar_2026-1068x1351.jpg 1068w, https:\/\/www.mxtotal.com\/blog\/wp-content\/uploads\/2026\/02\/8-general_cuellar_2026.jpg 1170w\" sizes=\"auto, (max-width: 810px) 100vw, 810px\" \/><\/figure>\n\n\n\n<figure class=\"wp-block-image size-large\"><img loading=\"lazy\" decoding=\"async\" width=\"1024\" height=\"683\" data-id=\"52314\" src=\"https:\/\/www.mxtotal.com\/blog\/wp-content\/uploads\/2026\/02\/7-general_cuellar_2026-1024x683.jpg\" alt=\"\" class=\"wp-image-52314\" srcset=\"https:\/\/www.mxtotal.com\/blog\/wp-content\/uploads\/2026\/02\/7-general_cuellar_2026-1024x683.jpg 1024w, https:\/\/www.mxtotal.com\/blog\/wp-content\/uploads\/2026\/02\/7-general_cuellar_2026-300x200.jpg 300w, https:\/\/www.mxtotal.com\/blog\/wp-content\/uploads\/2026\/02\/7-general_cuellar_2026-768x512.jpg 768w, https:\/\/www.mxtotal.com\/blog\/wp-content\/uploads\/2026\/02\/7-general_cuellar_2026-1536x1024.jpg 1536w, https:\/\/www.mxtotal.com\/blog\/wp-content\/uploads\/2026\/02\/7-general_cuellar_2026-630x420.jpg 630w, https:\/\/www.mxtotal.com\/blog\/wp-content\/uploads\/2026\/02\/7-general_cuellar_2026-150x100.jpg 150w, https:\/\/www.mxtotal.com\/blog\/wp-content\/uploads\/2026\/02\/7-general_cuellar_2026-696x464.jpg 696w, https:\/\/www.mxtotal.com\/blog\/wp-content\/uploads\/2026\/02\/7-general_cuellar_2026-1068x712.jpg 1068w, https:\/\/www.mxtotal.com\/blog\/wp-content\/uploads\/2026\/02\/7-general_cuellar_2026-1920x1280.jpg 1920w, https:\/\/www.mxtotal.com\/blog\/wp-content\/uploads\/2026\/02\/7-general_cuellar_2026.jpg 2048w\" sizes=\"auto, (max-width: 1024px) 100vw, 1024px\" \/><\/figure>\n\n\n\n<figure class=\"wp-block-image size-large\"><img loading=\"lazy\" decoding=\"async\" width=\"793\" height=\"1024\" data-id=\"52299\" src=\"https:\/\/www.mxtotal.com\/blog\/wp-content\/uploads\/2026\/02\/6-general_cuellar_2026-793x1024.jpg\" alt=\"\" class=\"wp-image-52299\" srcset=\"https:\/\/www.mxtotal.com\/blog\/wp-content\/uploads\/2026\/02\/6-general_cuellar_2026-793x1024.jpg 793w, https:\/\/www.mxtotal.com\/blog\/wp-content\/uploads\/2026\/02\/6-general_cuellar_2026-232x300.jpg 232w, https:\/\/www.mxtotal.com\/blog\/wp-content\/uploads\/2026\/02\/6-general_cuellar_2026-768x992.jpg 768w, https:\/\/www.mxtotal.com\/blog\/wp-content\/uploads\/2026\/02\/6-general_cuellar_2026-325x420.jpg 325w, https:\/\/www.mxtotal.com\/blog\/wp-content\/uploads\/2026\/02\/6-general_cuellar_2026-150x194.jpg 150w, https:\/\/www.mxtotal.com\/blog\/wp-content\/uploads\/2026\/02\/6-general_cuellar_2026-300x387.jpg 300w, https:\/\/www.mxtotal.com\/blog\/wp-content\/uploads\/2026\/02\/6-general_cuellar_2026-696x899.jpg 696w, https:\/\/www.mxtotal.com\/blog\/wp-content\/uploads\/2026\/02\/6-general_cuellar_2026-1068x1379.jpg 1068w, https:\/\/www.mxtotal.com\/blog\/wp-content\/uploads\/2026\/02\/6-general_cuellar_2026.jpg 1170w\" sizes=\"auto, (max-width: 793px) 100vw, 793px\" \/><\/figure>\n\n\n\n<figure class=\"wp-block-image size-large\"><img loading=\"lazy\" decoding=\"async\" width=\"1024\" height=\"683\" data-id=\"52318\" src=\"https:\/\/www.mxtotal.com\/blog\/wp-content\/uploads\/2026\/02\/5-general_cuellar_2026-1024x683.jpg\" alt=\"\" class=\"wp-image-52318\" srcset=\"https:\/\/www.mxtotal.com\/blog\/wp-content\/uploads\/2026\/02\/5-general_cuellar_2026-1024x683.jpg 1024w, https:\/\/www.mxtotal.com\/blog\/wp-content\/uploads\/2026\/02\/5-general_cuellar_2026-300x200.jpg 300w, https:\/\/www.mxtotal.com\/blog\/wp-content\/uploads\/2026\/02\/5-general_cuellar_2026-768x512.jpg 768w, https:\/\/www.mxtotal.com\/blog\/wp-content\/uploads\/2026\/02\/5-general_cuellar_2026-1536x1024.jpg 1536w, https:\/\/www.mxtotal.com\/blog\/wp-content\/uploads\/2026\/02\/5-general_cuellar_2026-630x420.jpg 630w, https:\/\/www.mxtotal.com\/blog\/wp-content\/uploads\/2026\/02\/5-general_cuellar_2026-150x100.jpg 150w, https:\/\/www.mxtotal.com\/blog\/wp-content\/uploads\/2026\/02\/5-general_cuellar_2026-696x464.jpg 696w, https:\/\/www.mxtotal.com\/blog\/wp-content\/uploads\/2026\/02\/5-general_cuellar_2026-1068x712.jpg 1068w, https:\/\/www.mxtotal.com\/blog\/wp-content\/uploads\/2026\/02\/5-general_cuellar_2026-1920x1280.jpg 1920w, https:\/\/www.mxtotal.com\/blog\/wp-content\/uploads\/2026\/02\/5-general_cuellar_2026.jpg 2048w\" sizes=\"auto, (max-width: 1024px) 100vw, 1024px\" \/><\/figure>\n\n\n\n<figure class=\"wp-block-image size-large\"><img loading=\"lazy\" decoding=\"async\" width=\"1024\" height=\"920\" data-id=\"52294\" src=\"https:\/\/www.mxtotal.com\/blog\/wp-content\/uploads\/2026\/02\/4-general_cuellar_2026-1024x920.jpg\" alt=\"\" class=\"wp-image-52294\" srcset=\"https:\/\/www.mxtotal.com\/blog\/wp-content\/uploads\/2026\/02\/4-general_cuellar_2026-1024x920.jpg 1024w, https:\/\/www.mxtotal.com\/blog\/wp-content\/uploads\/2026\/02\/4-general_cuellar_2026-300x270.jpg 300w, https:\/\/www.mxtotal.com\/blog\/wp-content\/uploads\/2026\/02\/4-general_cuellar_2026-768x690.jpg 768w, https:\/\/www.mxtotal.com\/blog\/wp-content\/uploads\/2026\/02\/4-general_cuellar_2026-467x420.jpg 467w, https:\/\/www.mxtotal.com\/blog\/wp-content\/uploads\/2026\/02\/4-general_cuellar_2026-150x135.jpg 150w, https:\/\/www.mxtotal.com\/blog\/wp-content\/uploads\/2026\/02\/4-general_cuellar_2026-696x625.jpg 696w, https:\/\/www.mxtotal.com\/blog\/wp-content\/uploads\/2026\/02\/4-general_cuellar_2026-1068x960.jpg 1068w, https:\/\/www.mxtotal.com\/blog\/wp-content\/uploads\/2026\/02\/4-general_cuellar_2026.jpg 1134w\" sizes=\"auto, (max-width: 1024px) 100vw, 1024px\" \/><\/figure>\n\n\n\n<figure class=\"wp-block-image size-large\"><img loading=\"lazy\" decoding=\"async\" width=\"1024\" height=\"986\" data-id=\"52304\" src=\"https:\/\/www.mxtotal.com\/blog\/wp-content\/uploads\/2026\/02\/3-general_cuellar_2026-1024x986.jpg\" alt=\"\" class=\"wp-image-52304\" srcset=\"https:\/\/www.mxtotal.com\/blog\/wp-content\/uploads\/2026\/02\/3-general_cuellar_2026-1024x986.jpg 1024w, https:\/\/www.mxtotal.com\/blog\/wp-content\/uploads\/2026\/02\/3-general_cuellar_2026-300x289.jpg 300w, https:\/\/www.mxtotal.com\/blog\/wp-content\/uploads\/2026\/02\/3-general_cuellar_2026-768x739.jpg 768w, https:\/\/www.mxtotal.com\/blog\/wp-content\/uploads\/2026\/02\/3-general_cuellar_2026-436x420.jpg 436w, https:\/\/www.mxtotal.com\/blog\/wp-content\/uploads\/2026\/02\/3-general_cuellar_2026-150x144.jpg 150w, https:\/\/www.mxtotal.com\/blog\/wp-content\/uploads\/2026\/02\/3-general_cuellar_2026-696x670.jpg 696w, https:\/\/www.mxtotal.com\/blog\/wp-content\/uploads\/2026\/02\/3-general_cuellar_2026-1068x1028.jpg 1068w, https:\/\/www.mxtotal.com\/blog\/wp-content\/uploads\/2026\/02\/3-general_cuellar_2026.jpg 1418w\" sizes=\"auto, (max-width: 1024px) 100vw, 1024px\" \/><\/figure>\n\n\n\n<figure class=\"wp-block-image size-large\"><img loading=\"lazy\" decoding=\"async\" width=\"1024\" height=\"683\" data-id=\"52324\" src=\"https:\/\/www.mxtotal.com\/blog\/wp-content\/uploads\/2026\/02\/2-general_cuellar_2026-1024x683.jpg\" alt=\"\" class=\"wp-image-52324\" srcset=\"https:\/\/www.mxtotal.com\/blog\/wp-content\/uploads\/2026\/02\/2-general_cuellar_2026-1024x683.jpg 1024w, https:\/\/www.mxtotal.com\/blog\/wp-content\/uploads\/2026\/02\/2-general_cuellar_2026-300x200.jpg 300w, https:\/\/www.mxtotal.com\/blog\/wp-content\/uploads\/2026\/02\/2-general_cuellar_2026-768x512.jpg 768w, https:\/\/www.mxtotal.com\/blog\/wp-content\/uploads\/2026\/02\/2-general_cuellar_2026-1536x1024.jpg 1536w, https:\/\/www.mxtotal.com\/blog\/wp-content\/uploads\/2026\/02\/2-general_cuellar_2026-630x420.jpg 630w, https:\/\/www.mxtotal.com\/blog\/wp-content\/uploads\/2026\/02\/2-general_cuellar_2026-150x100.jpg 150w, https:\/\/www.mxtotal.com\/blog\/wp-content\/uploads\/2026\/02\/2-general_cuellar_2026-696x464.jpg 696w, https:\/\/www.mxtotal.com\/blog\/wp-content\/uploads\/2026\/02\/2-general_cuellar_2026-1068x712.jpg 1068w, https:\/\/www.mxtotal.com\/blog\/wp-content\/uploads\/2026\/02\/2-general_cuellar_2026-1920x1280.jpg 1920w, https:\/\/www.mxtotal.com\/blog\/wp-content\/uploads\/2026\/02\/2-general_cuellar_2026.jpg 2048w\" sizes=\"auto, (max-width: 1024px) 100vw, 1024px\" \/><\/figure>\n<\/figure>\n","protected":false},"excerpt":{"rendered":"<p>El pasado fin de semana en Campo de Cu\u00e9llar (Segovia) se disput\u00f3 la primera prueba puntuable para la Copa de Espa\u00f1a de resistencia Quad 2026 con gran \u00e9xito de participaci\u00f3n, alt\u00edsimo nivel y un circuito perfectamente preparado. El equipo B2R &#8211; 2Temps &#8211; Xtreme Graphics, con Guillem Ullastres y Anthony Torres como pilotos, domin\u00f3 la [&hellip;]<\/p>\n","protected":false},"author":3,"featured_media":52309,"comment_status":"closed","ping_status":"open","sticky":false,"template":"","format":"standard","meta":{"footnotes":""},"categories":[44],"tags":[],"class_list":{"0":"post-52288","1":"post","2":"type-post","3":"status-publish","4":"format-standard","5":"has-post-thumbnail","7":"category-quad-atv"},"yoast_head":"<!-- This site is optimized with the Yoast SEO plugin v27.4 - https:\/\/yoast.com\/product\/yoast-seo-wordpress\/ -->\n<title>Ullastres-Torres primeros l\u00edderes de la Resistencia Quad 2026 - Blog Mxtotal<\/title>\n<meta name=\"robots\" content=\"index, follow, max-snippet:-1, max-image-preview:large, max-video-preview:-1\" \/>\n<link rel=\"canonical\" href=\"https:\/\/www.mxtotal.com\/blog\/ullastres-torres-primeros-lideres-de-la-resistencia-quad-2026\/\" \/>\n<meta property=\"og:locale\" content=\"es_ES\" \/>\n<meta property=\"og:type\" content=\"article\" \/>\n<meta property=\"og:title\" content=\"Ullastres-Torres primeros l\u00edderes de la Resistencia Quad 2026 - Blog Mxtotal\" \/>\n<meta property=\"og:description\" content=\"El pasado fin de semana en Campo de Cu\u00e9llar (Segovia) se disput\u00f3 la primera prueba puntuable para la Copa de Espa\u00f1a de resistencia Quad 2026 con gran \u00e9xito de participaci\u00f3n, alt\u00edsimo nivel y un circuito perfectamente preparado. El equipo B2R &#8211; 2Temps &#8211; Xtreme Graphics, con Guillem Ullastres y Anthony Torres como pilotos, domin\u00f3 la [&hellip;]\" \/>\n<meta property=\"og:url\" content=\"https:\/\/www.mxtotal.com\/blog\/ullastres-torres-primeros-lideres-de-la-resistencia-quad-2026\/\" \/>\n<meta property=\"og:site_name\" content=\"Blog Mxtotal\" \/>\n<meta property=\"article:publisher\" content=\"https:\/\/www.facebook.com\/mxtotal\" \/>\n<meta property=\"article:published_time\" content=\"2026-02-25T15:07:37+00:00\" \/>\n<meta property=\"article:modified_time\" content=\"2026-02-27T15:08:10+00:00\" \/>\n<meta property=\"og:image\" content=\"https:\/\/www.mxtotal.com\/blog\/wp-content\/uploads\/2026\/02\/1-general_cuellar_2026.jpg\" \/>\n\t<meta property=\"og:image:width\" content=\"1781\" \/>\n\t<meta property=\"og:image:height\" content=\"2047\" \/>\n\t<meta property=\"og:image:type\" content=\"image\/jpeg\" \/>\n<meta name=\"author\" content=\"Colaborador\" \/>\n<meta name=\"twitter:card\" content=\"summary_large_image\" \/>\n<meta name=\"twitter:creator\" content=\"@mxtotal\" \/>\n<meta name=\"twitter:site\" content=\"@mxtotal\" \/>\n<meta name=\"twitter:label1\" content=\"Escrito por\" \/>\n\t<meta name=\"twitter:data1\" content=\"Colaborador\" \/>\n\t<meta name=\"twitter:label2\" content=\"Tiempo de lectura\" \/>\n\t<meta name=\"twitter:data2\" content=\"3 minutos\" \/>\n<script type=\"application\/ld+json\" class=\"yoast-schema-graph\">{\"@context\":\"https:\\\/\\\/schema.org\",\"@graph\":[{\"@type\":\"Article\",\"@id\":\"https:\\\/\\\/www.mxtotal.com\\\/blog\\\/ullastres-torres-primeros-lideres-de-la-resistencia-quad-2026\\\/#article\",\"isPartOf\":{\"@id\":\"https:\\\/\\\/www.mxtotal.com\\\/blog\\\/ullastres-torres-primeros-lideres-de-la-resistencia-quad-2026\\\/\"},\"author\":{\"name\":\"Colaborador\",\"@id\":\"https:\\\/\\\/www.mxtotal.com\\\/blog\\\/#\\\/schema\\\/person\\\/f6c003c52d6e8665b49fba06a70fd1e8\"},\"headline\":\"Ullastres-Torres primeros l\u00edderes de la Resistencia Quad 2026\",\"datePublished\":\"2026-02-25T15:07:37+00:00\",\"dateModified\":\"2026-02-27T15:08:10+00:00\",\"mainEntityOfPage\":{\"@id\":\"https:\\\/\\\/www.mxtotal.com\\\/blog\\\/ullastres-torres-primeros-lideres-de-la-resistencia-quad-2026\\\/\"},\"wordCount\":183,\"publisher\":{\"@id\":\"https:\\\/\\\/www.mxtotal.com\\\/blog\\\/#organization\"},\"image\":{\"@id\":\"https:\\\/\\\/www.mxtotal.com\\\/blog\\\/ullastres-torres-primeros-lideres-de-la-resistencia-quad-2026\\\/#primaryimage\"},\"thumbnailUrl\":\"https:\\\/\\\/www.mxtotal.com\\\/blog\\\/wp-content\\\/uploads\\\/2026\\\/02\\\/1-general_cuellar_2026.jpg\",\"articleSection\":[\"Quad - ATV\"],\"inLanguage\":\"es\"},{\"@type\":\"WebPage\",\"@id\":\"https:\\\/\\\/www.mxtotal.com\\\/blog\\\/ullastres-torres-primeros-lideres-de-la-resistencia-quad-2026\\\/\",\"url\":\"https:\\\/\\\/www.mxtotal.com\\\/blog\\\/ullastres-torres-primeros-lideres-de-la-resistencia-quad-2026\\\/\",\"name\":\"Ullastres-Torres primeros l\u00edderes de la Resistencia Quad 2026 - Blog Mxtotal\",\"isPartOf\":{\"@id\":\"https:\\\/\\\/www.mxtotal.com\\\/blog\\\/#website\"},\"primaryImageOfPage\":{\"@id\":\"https:\\\/\\\/www.mxtotal.com\\\/blog\\\/ullastres-torres-primeros-lideres-de-la-resistencia-quad-2026\\\/#primaryimage\"},\"image\":{\"@id\":\"https:\\\/\\\/www.mxtotal.com\\\/blog\\\/ullastres-torres-primeros-lideres-de-la-resistencia-quad-2026\\\/#primaryimage\"},\"thumbnailUrl\":\"https:\\\/\\\/www.mxtotal.com\\\/blog\\\/wp-content\\\/uploads\\\/2026\\\/02\\\/1-general_cuellar_2026.jpg\",\"datePublished\":\"2026-02-25T15:07:37+00:00\",\"dateModified\":\"2026-02-27T15:08:10+00:00\",\"breadcrumb\":{\"@id\":\"https:\\\/\\\/www.mxtotal.com\\\/blog\\\/ullastres-torres-primeros-lideres-de-la-resistencia-quad-2026\\\/#breadcrumb\"},\"inLanguage\":\"es\",\"potentialAction\":[{\"@type\":\"ReadAction\",\"target\":[\"https:\\\/\\\/www.mxtotal.com\\\/blog\\\/ullastres-torres-primeros-lideres-de-la-resistencia-quad-2026\\\/\"]}]},{\"@type\":\"ImageObject\",\"inLanguage\":\"es\",\"@id\":\"https:\\\/\\\/www.mxtotal.com\\\/blog\\\/ullastres-torres-primeros-lideres-de-la-resistencia-quad-2026\\\/#primaryimage\",\"url\":\"https:\\\/\\\/www.mxtotal.com\\\/blog\\\/wp-content\\\/uploads\\\/2026\\\/02\\\/1-general_cuellar_2026.jpg\",\"contentUrl\":\"https:\\\/\\\/www.mxtotal.com\\\/blog\\\/wp-content\\\/uploads\\\/2026\\\/02\\\/1-general_cuellar_2026.jpg\",\"width\":1781,\"height\":2047},{\"@type\":\"BreadcrumbList\",\"@id\":\"https:\\\/\\\/www.mxtotal.com\\\/blog\\\/ullastres-torres-primeros-lideres-de-la-resistencia-quad-2026\\\/#breadcrumb\",\"itemListElement\":[{\"@type\":\"ListItem\",\"position\":1,\"name\":\"Portada\",\"item\":\"https:\\\/\\\/www.mxtotal.com\\\/blog\\\/\"},{\"@type\":\"ListItem\",\"position\":2,\"name\":\"Ullastres-Torres primeros l\u00edderes de la Resistencia Quad 2026\"}]},{\"@type\":\"WebSite\",\"@id\":\"https:\\\/\\\/www.mxtotal.com\\\/blog\\\/#website\",\"url\":\"https:\\\/\\\/www.mxtotal.com\\\/blog\\\/\",\"name\":\"Blog Mxtotal\",\"description\":\"Blog de la tienda online de motocross Mxtotal\",\"publisher\":{\"@id\":\"https:\\\/\\\/www.mxtotal.com\\\/blog\\\/#organization\"},\"potentialAction\":[{\"@type\":\"SearchAction\",\"target\":{\"@type\":\"EntryPoint\",\"urlTemplate\":\"https:\\\/\\\/www.mxtotal.com\\\/blog\\\/?s={search_term_string}\"},\"query-input\":{\"@type\":\"PropertyValueSpecification\",\"valueRequired\":true,\"valueName\":\"search_term_string\"}}],\"inLanguage\":\"es\"},{\"@type\":\"Organization\",\"@id\":\"https:\\\/\\\/www.mxtotal.com\\\/blog\\\/#organization\",\"name\":\"Blog Mxtotal\",\"url\":\"https:\\\/\\\/www.mxtotal.com\\\/blog\\\/\",\"logo\":{\"@type\":\"ImageObject\",\"inLanguage\":\"es\",\"@id\":\"https:\\\/\\\/www.mxtotal.com\\\/blog\\\/#\\\/schema\\\/logo\\\/image\\\/\",\"url\":\"https:\\\/\\\/www.mxtotal.com\\\/blog\\\/wp-content\\\/uploads\\\/2023\\\/06\\\/logo_mxtotal.png\",\"contentUrl\":\"https:\\\/\\\/www.mxtotal.com\\\/blog\\\/wp-content\\\/uploads\\\/2023\\\/06\\\/logo_mxtotal.png\",\"width\":192,\"height\":192,\"caption\":\"Blog Mxtotal\"},\"image\":{\"@id\":\"https:\\\/\\\/www.mxtotal.com\\\/blog\\\/#\\\/schema\\\/logo\\\/image\\\/\"},\"sameAs\":[\"https:\\\/\\\/www.facebook.com\\\/mxtotal\",\"https:\\\/\\\/x.com\\\/mxtotal\",\"https:\\\/\\\/www.instagram.com\\\/mxtotal\\\/\"]},{\"@type\":\"Person\",\"@id\":\"https:\\\/\\\/www.mxtotal.com\\\/blog\\\/#\\\/schema\\\/person\\\/f6c003c52d6e8665b49fba06a70fd1e8\",\"name\":\"Colaborador\",\"image\":{\"@type\":\"ImageObject\",\"inLanguage\":\"es\",\"@id\":\"https:\\\/\\\/secure.gravatar.com\\\/avatar\\\/604cb15df773920cd961967c55dbe2827379c33870431c5a11140f31dabbe46e?s=96&d=mm&r=g\",\"url\":\"https:\\\/\\\/secure.gravatar.com\\\/avatar\\\/604cb15df773920cd961967c55dbe2827379c33870431c5a11140f31dabbe46e?s=96&d=mm&r=g\",\"contentUrl\":\"https:\\\/\\\/secure.gravatar.com\\\/avatar\\\/604cb15df773920cd961967c55dbe2827379c33870431c5a11140f31dabbe46e?s=96&d=mm&r=g\",\"caption\":\"Colaborador\"}}]}<\/script>\n<!-- \/ Yoast SEO plugin. -->","yoast_head_json":{"title":"Ullastres-Torres primeros l\u00edderes de la Resistencia Quad 2026 - Blog Mxtotal","robots":{"index":"index","follow":"follow","max-snippet":"max-snippet:-1","max-image-preview":"max-image-preview:large","max-video-preview":"max-video-preview:-1"},"canonical":"https:\/\/www.mxtotal.com\/blog\/ullastres-torres-primeros-lideres-de-la-resistencia-quad-2026\/","og_locale":"es_ES","og_type":"article","og_title":"Ullastres-Torres primeros l\u00edderes de la Resistencia Quad 2026 - Blog Mxtotal","og_description":"El pasado fin de semana en Campo de Cu\u00e9llar (Segovia) se disput\u00f3 la primera prueba puntuable para la Copa de Espa\u00f1a de resistencia Quad 2026 con gran \u00e9xito de participaci\u00f3n, alt\u00edsimo nivel y un circuito perfectamente preparado. El equipo B2R &#8211; 2Temps &#8211; Xtreme Graphics, con Guillem Ullastres y Anthony Torres como pilotos, domin\u00f3 la [&hellip;]","og_url":"https:\/\/www.mxtotal.com\/blog\/ullastres-torres-primeros-lideres-de-la-resistencia-quad-2026\/","og_site_name":"Blog Mxtotal","article_publisher":"https:\/\/www.facebook.com\/mxtotal","article_published_time":"2026-02-25T15:07:37+00:00","article_modified_time":"2026-02-27T15:08:10+00:00","og_image":[{"width":1781,"height":2047,"url":"https:\/\/www.mxtotal.com\/blog\/wp-content\/uploads\/2026\/02\/1-general_cuellar_2026.jpg","type":"image\/jpeg"}],"author":"Colaborador","twitter_card":"summary_large_image","twitter_creator":"@mxtotal","twitter_site":"@mxtotal","twitter_misc":{"Escrito por":"Colaborador","Tiempo de lectura":"3 minutos"},"schema":{"@context":"https:\/\/schema.org","@graph":[{"@type":"Article","@id":"https:\/\/www.mxtotal.com\/blog\/ullastres-torres-primeros-lideres-de-la-resistencia-quad-2026\/#article","isPartOf":{"@id":"https:\/\/www.mxtotal.com\/blog\/ullastres-torres-primeros-lideres-de-la-resistencia-quad-2026\/"},"author":{"name":"Colaborador","@id":"https:\/\/www.mxtotal.com\/blog\/#\/schema\/person\/f6c003c52d6e8665b49fba06a70fd1e8"},"headline":"Ullastres-Torres primeros l\u00edderes de la Resistencia Quad 2026","datePublished":"2026-02-25T15:07:37+00:00","dateModified":"2026-02-27T15:08:10+00:00","mainEntityOfPage":{"@id":"https:\/\/www.mxtotal.com\/blog\/ullastres-torres-primeros-lideres-de-la-resistencia-quad-2026\/"},"wordCount":183,"publisher":{"@id":"https:\/\/www.mxtotal.com\/blog\/#organization"},"image":{"@id":"https:\/\/www.mxtotal.com\/blog\/ullastres-torres-primeros-lideres-de-la-resistencia-quad-2026\/#primaryimage"},"thumbnailUrl":"https:\/\/www.mxtotal.com\/blog\/wp-content\/uploads\/2026\/02\/1-general_cuellar_2026.jpg","articleSection":["Quad - ATV"],"inLanguage":"es"},{"@type":"WebPage","@id":"https:\/\/www.mxtotal.com\/blog\/ullastres-torres-primeros-lideres-de-la-resistencia-quad-2026\/","url":"https:\/\/www.mxtotal.com\/blog\/ullastres-torres-primeros-lideres-de-la-resistencia-quad-2026\/","name":"Ullastres-Torres primeros l\u00edderes de la Resistencia Quad 2026 - Blog Mxtotal","isPartOf":{"@id":"https:\/\/www.mxtotal.com\/blog\/#website"},"primaryImageOfPage":{"@id":"https:\/\/www.mxtotal.com\/blog\/ullastres-torres-primeros-lideres-de-la-resistencia-quad-2026\/#primaryimage"},"image":{"@id":"https:\/\/www.mxtotal.com\/blog\/ullastres-torres-primeros-lideres-de-la-resistencia-quad-2026\/#primaryimage"},"thumbnailUrl":"https:\/\/www.mxtotal.com\/blog\/wp-content\/uploads\/2026\/02\/1-general_cuellar_2026.jpg","datePublished":"2026-02-25T15:07:37+00:00","dateModified":"2026-02-27T15:08:10+00:00","breadcrumb":{"@id":"https:\/\/www.mxtotal.com\/blog\/ullastres-torres-primeros-lideres-de-la-resistencia-quad-2026\/#breadcrumb"},"inLanguage":"es","potentialAction":[{"@type":"ReadAction","target":["https:\/\/www.mxtotal.com\/blog\/ullastres-torres-primeros-lideres-de-la-resistencia-quad-2026\/"]}]},{"@type":"ImageObject","inLanguage":"es","@id":"https:\/\/www.mxtotal.com\/blog\/ullastres-torres-primeros-lideres-de-la-resistencia-quad-2026\/#primaryimage","url":"https:\/\/www.mxtotal.com\/blog\/wp-content\/uploads\/2026\/02\/1-general_cuellar_2026.jpg","contentUrl":"https:\/\/www.mxtotal.com\/blog\/wp-content\/uploads\/2026\/02\/1-general_cuellar_2026.jpg","width":1781,"height":2047},{"@type":"BreadcrumbList","@id":"https:\/\/www.mxtotal.com\/blog\/ullastres-torres-primeros-lideres-de-la-resistencia-quad-2026\/#breadcrumb","itemListElement":[{"@type":"ListItem","position":1,"name":"Portada","item":"https:\/\/www.mxtotal.com\/blog\/"},{"@type":"ListItem","position":2,"name":"Ullastres-Torres primeros l\u00edderes de la Resistencia Quad 2026"}]},{"@type":"WebSite","@id":"https:\/\/www.mxtotal.com\/blog\/#website","url":"https:\/\/www.mxtotal.com\/blog\/","name":"Blog Mxtotal","description":"Blog de la tienda online de motocross Mxtotal","publisher":{"@id":"https:\/\/www.mxtotal.com\/blog\/#organization"},"potentialAction":[{"@type":"SearchAction","target":{"@type":"EntryPoint","urlTemplate":"https:\/\/www.mxtotal.com\/blog\/?s={search_term_string}"},"query-input":{"@type":"PropertyValueSpecification","valueRequired":true,"valueName":"search_term_string"}}],"inLanguage":"es"},{"@type":"Organization","@id":"https:\/\/www.mxtotal.com\/blog\/#organization","name":"Blog Mxtotal","url":"https:\/\/www.mxtotal.com\/blog\/","logo":{"@type":"ImageObject","inLanguage":"es","@id":"https:\/\/www.mxtotal.com\/blog\/#\/schema\/logo\/image\/","url":"https:\/\/www.mxtotal.com\/blog\/wp-content\/uploads\/2023\/06\/logo_mxtotal.png","contentUrl":"https:\/\/www.mxtotal.com\/blog\/wp-content\/uploads\/2023\/06\/logo_mxtotal.png","width":192,"height":192,"caption":"Blog Mxtotal"},"image":{"@id":"https:\/\/www.mxtotal.com\/blog\/#\/schema\/logo\/image\/"},"sameAs":["https:\/\/www.facebook.com\/mxtotal","https:\/\/x.com\/mxtotal","https:\/\/www.instagram.com\/mxtotal\/"]},{"@type":"Person","@id":"https:\/\/www.mxtotal.com\/blog\/#\/schema\/person\/f6c003c52d6e8665b49fba06a70fd1e8","name":"Colaborador","image":{"@type":"ImageObject","inLanguage":"es","@id":"https:\/\/secure.gravatar.com\/avatar\/604cb15df773920cd961967c55dbe2827379c33870431c5a11140f31dabbe46e?s=96&d=mm&r=g","url":"https:\/\/secure.gravatar.com\/avatar\/604cb15df773920cd961967c55dbe2827379c33870431c5a11140f31dabbe46e?s=96&d=mm&r=g","contentUrl":"https:\/\/secure.gravatar.com\/avatar\/604cb15df773920cd961967c55dbe2827379c33870431c5a11140f31dabbe46e?s=96&d=mm&r=g","caption":"Colaborador"}}]}},"_links":{"self":[{"href":"https:\/\/www.mxtotal.com\/blog\/wp-json\/wp\/v2\/posts\/52288","targetHints":{"allow":["GET"]}}],"collection":[{"href":"https:\/\/www.mxtotal.com\/blog\/wp-json\/wp\/v2\/posts"}],"about":[{"href":"https:\/\/www.mxtotal.com\/blog\/wp-json\/wp\/v2\/types\/post"}],"author":[{"embeddable":true,"href":"https:\/\/www.mxtotal.com\/blog\/wp-json\/wp\/v2\/users\/3"}],"replies":[{"embeddable":true,"href":"https:\/\/www.mxtotal.com\/blog\/wp-json\/wp\/v2\/comments?post=52288"}],"version-history":[{"count":1,"href":"https:\/\/www.mxtotal.com\/blog\/wp-json\/wp\/v2\/posts\/52288\/revisions"}],"predecessor-version":[{"id":52329,"href":"https:\/\/www.mxtotal.com\/blog\/wp-json\/wp\/v2\/posts\/52288\/revisions\/52329"}],"wp:featuredmedia":[{"embeddable":true,"href":"https:\/\/www.mxtotal.com\/blog\/wp-json\/wp\/v2\/media\/52309"}],"wp:attachment":[{"href":"https:\/\/www.mxtotal.com\/blog\/wp-json\/wp\/v2\/media?parent=52288"}],"wp:term":[{"taxonomy":"category","embeddable":true,"href":"https:\/\/www.mxtotal.com\/blog\/wp-json\/wp\/v2\/categories?post=52288"},{"taxonomy":"post_tag","embeddable":true,"href":"https:\/\/www.mxtotal.com\/blog\/wp-json\/wp\/v2\/tags?post=52288"}],"curies":[{"name":"wp","href":"https:\/\/api.w.org\/{rel}","templated":true}]}}