{"id":52520,"date":"2026-03-06T21:11:43","date_gmt":"2026-03-06T19:11:43","guid":{"rendered":"https:\/\/www.mxtotal.com\/blog\/?p=52520"},"modified":"2026-03-06T21:11:43","modified_gmt":"2026-03-06T19:11:43","slug":"equipo-nacional-de-enduro-2026-conoce-a-los-nuevos-integrantes","status":"publish","type":"post","link":"https:\/\/www.mxtotal.com\/blog\/equipo-nacional-de-enduro-2026-conoce-a-los-nuevos-integrantes\/","title":{"rendered":"Equipo nacional de Enduro 2026: conoce a los nuevos integrantes"},"content":{"rendered":"<div id=\"post-49886\">\n\t<!-- .entry-header --><\/p>\n<div class=\"entry-content\">\n<p data-start=\"139\" data-end=\"385\">Un a\u00f1o m\u00e1s, la <strong>Real Federaci\u00f3n Motociclista Espa\u00f1ola<\/strong> reafirma su <strong>compromiso<\/strong> con la <strong>proyecci\u00f3n de j\u00f3venes talentos<\/strong>, brind\u00e1ndoles el apoyo y las <a href=\"https:\/\/www.mxtotal.com\/es\/18331\/herramientas-moto\/\" data-internallinksmanager029f6b8e52c=\"17\" title=\"herramientas para moto\" target=\"_blank\" rel=\"noopener\">herramientas<\/a> necesarias para su formaci\u00f3n y crecimiento deportivo con vistas a su futuro profesional.<\/p>\n<p data-start=\"392\" data-end=\"693\">De la mano de <strong>Jaume Betriu<\/strong>, <strong>seleccionador del equipo nacional de <a href=\"https:\/\/www.mxtotal.com\/es\/16203\/enduro\/\">enduro<\/a><\/strong>, ya ha quedado definido el nuevo equipo que representar\u00e1 a Espa\u00f1a en el Mundial de <a href=\"https:\/\/www.mxtotal.com\/es\/16203\/enduro\/\" data-internallinksmanager029f6b8e52c=\"2\" title=\"tienda de enduro\" target=\"_blank\" rel=\"noopener\">Enduro<\/a> 2026. Un conjunto formado por cuatro j\u00f3venes pilotos con gran proyecci\u00f3n, motivaci\u00f3n y ambici\u00f3n por seguir evolucionando al m\u00e1s alto nivel.<\/p>\n<p>Este es el nuevo equipo nacional de enduro:<\/p>\n<ul>\n<li><strong>Yago Dominguez<\/strong>: categor\u00eda Youth, <a href=\"https:\/\/www.mxtotal.com\/es\/17204\/ktm-enduro\/\">ktm<\/a> 125.<\/li>\n<li><strong>Ramon Godino<\/strong>: categor\u00eda Youth, <a href=\"https:\/\/www.mxtotal.com\/es\/17199\/beta-enduro\/\">beta<\/a> 125.<\/li>\n<li><strong>Aleix Saumell<\/strong>: categor\u00eda Junior, <a href=\"https:\/\/www.mxtotal.com\/es\/17207\/sherco-enduro\/\">sherco<\/a> 250 2t.<\/li>\n<li><strong>Maria San Miguel<\/strong>: categor\u00eda Women, <a href=\"https:\/\/www.mxtotal.com\/es\/19711\/rieju-enduro\/\">rieju<\/a> 300 2t.<\/li>\n<\/ul>\n<p><img loading=\"lazy\" decoding=\"async\" class=\"alignnone wp-image-44798 size-full\" src=\"https:\/\/prensarfme.com\/wp-content\/uploads\/2025\/05\/yago_dominguez_250503_EnduroGP_Spain_2326.jpg\" alt=\"\" width=\"3600\" height=\"2400\" srcset=\"https:\/\/prensarfme.com\/wp-content\/uploads\/2025\/05\/yago_dominguez_250503_EnduroGP_Spain_2326.jpg 3600w, https:\/\/prensarfme.com\/wp-content\/uploads\/2025\/05\/yago_dominguez_250503_EnduroGP_Spain_2326-281x187.jpg 281w, https:\/\/prensarfme.com\/wp-content\/uploads\/2025\/05\/yago_dominguez_250503_EnduroGP_Spain_2326-1360x907.jpg 1360w, https:\/\/prensarfme.com\/wp-content\/uploads\/2025\/05\/yago_dominguez_250503_EnduroGP_Spain_2326-1068x712.jpg 1068w, https:\/\/prensarfme.com\/wp-content\/uploads\/2025\/05\/yago_dominguez_250503_EnduroGP_Spain_2326-1536x1024.jpg 1536w, https:\/\/prensarfme.com\/wp-content\/uploads\/2025\/05\/yago_dominguez_250503_EnduroGP_Spain_2326-2048x1365.jpg 2048w\" sizes=\"auto, (max-width: 3600px) 100vw, 3600px\"\/><\/p>\n<p><strong>Jaume Betriu, seleccionador nacional:<\/strong> <em>\u00abMantenemos una l\u00ednea continuista respecto al a\u00f1o pasado, con un equipo joven y con muchas ganas de aprender y crecer. En Junior se incorpora Aleix Saumel, un piloto con experiencia internacional que da el salto a una moto mayor, mientras que en Youth repetimos con Yago Dom\u00ednguez y Ram\u00f3n Godino, dos pilotos con gran proyecci\u00f3n y margen de mejora. En Women\u2019s contin\u00faa Mar\u00eda San Miguel, con la que seguiremos trabajando para reforzar esta categor\u00eda y el futuro del enduro femenino. El objetivo es claro: formaci\u00f3n, evoluci\u00f3n y estar preparados para rendir al m\u00e1ximo en cada carrera\u00bb.<\/em><\/p>\n<p>Los cuatro integrantes del\u00a0<strong>equipo nacional de enduro<\/strong>\u00a0disputar\u00e1n las siete pruebas de las que consta el\u00a0<strong>Mundial de EnduroGP<\/strong> que arranca el pr\u00f3ximo 10 de abril en Italia y donde, como cada a\u00f1o, contamos con el apoyo de GRO.<\/p>\n<p><img loading=\"lazy\" decoding=\"async\" class=\"alignnone wp-image-43878 size-full\" src=\"https:\/\/prensarfme.com\/wp-content\/uploads\/2025\/04\/EnduroGP-2025_Rnd1_03856.jpg\" alt=\"\" width=\"3600\" height=\"2400\" srcset=\"https:\/\/prensarfme.com\/wp-content\/uploads\/2025\/04\/EnduroGP-2025_Rnd1_03856.jpg 3600w, https:\/\/prensarfme.com\/wp-content\/uploads\/2025\/04\/EnduroGP-2025_Rnd1_03856-281x187.jpg 281w, https:\/\/prensarfme.com\/wp-content\/uploads\/2025\/04\/EnduroGP-2025_Rnd1_03856-1360x907.jpg 1360w, https:\/\/prensarfme.com\/wp-content\/uploads\/2025\/04\/EnduroGP-2025_Rnd1_03856-1068x712.jpg 1068w, https:\/\/prensarfme.com\/wp-content\/uploads\/2025\/04\/EnduroGP-2025_Rnd1_03856-1536x1024.jpg 1536w, https:\/\/prensarfme.com\/wp-content\/uploads\/2025\/04\/EnduroGP-2025_Rnd1_03856-2048x1365.jpg 2048w\" sizes=\"auto, (max-width: 3600px) 100vw, 3600px\"\/><\/p>\n<\/p><\/div>\n<p><!-- .entry-content --><\/p>\n<p>\t<!-- .entry-footer -->\n<\/div>\n<p><b>Noticia publicada por la RFME<\/b><\/p>\n","protected":false},"excerpt":{"rendered":"<p>Un a\u00f1o m\u00e1s, la Real Federaci\u00f3n Motociclista Espa\u00f1ola reafirma su compromiso con la proyecci\u00f3n de j\u00f3venes talentos, brind\u00e1ndoles el apoyo y las herramientas necesarias para su formaci\u00f3n y crecimiento deportivo con vistas a su futuro profesional. De la mano de Jaume Betriu, seleccionador del equipo nacional de enduro, ya ha quedado definido el nuevo equipo [&hellip;]<\/p>\n","protected":false},"author":3,"featured_media":51223,"comment_status":"closed","ping_status":"open","sticky":false,"template":"","format":"standard","meta":{"footnotes":""},"categories":[42],"tags":[],"class_list":{"0":"post-52520","1":"post","2":"type-post","3":"status-publish","4":"format-standard","5":"has-post-thumbnail","7":"category-enduro"},"yoast_head":"<!-- This site is optimized with the Yoast SEO plugin v27.5 - https:\/\/yoast.com\/product\/yoast-seo-wordpress\/ -->\n<title>Equipo nacional de Enduro 2026: conoce a los nuevos integrantes - Blog Mxtotal<\/title>\n<meta name=\"robots\" content=\"index, follow, max-snippet:-1, max-image-preview:large, max-video-preview:-1\" \/>\n<link rel=\"canonical\" href=\"https:\/\/www.mxtotal.com\/blog\/equipo-nacional-de-enduro-2026-conoce-a-los-nuevos-integrantes\/\" \/>\n<meta property=\"og:locale\" content=\"es_ES\" \/>\n<meta property=\"og:type\" content=\"article\" \/>\n<meta property=\"og:title\" content=\"Equipo nacional de Enduro 2026: conoce a los nuevos integrantes - Blog Mxtotal\" \/>\n<meta property=\"og:description\" content=\"Un a\u00f1o m\u00e1s, la Real Federaci\u00f3n Motociclista Espa\u00f1ola reafirma su compromiso con la proyecci\u00f3n de j\u00f3venes talentos, brind\u00e1ndoles el apoyo y las herramientas necesarias para su formaci\u00f3n y crecimiento deportivo con vistas a su futuro profesional. De la mano de Jaume Betriu, seleccionador del equipo nacional de enduro, ya ha quedado definido el nuevo equipo [&hellip;]\" \/>\n<meta property=\"og:url\" content=\"https:\/\/www.mxtotal.com\/blog\/equipo-nacional-de-enduro-2026-conoce-a-los-nuevos-integrantes\/\" \/>\n<meta property=\"og:site_name\" content=\"Blog Mxtotal\" \/>\n<meta property=\"article:publisher\" content=\"https:\/\/www.facebook.com\/mxtotal\" \/>\n<meta property=\"article:published_time\" content=\"2026-03-06T19:11:43+00:00\" \/>\n<meta property=\"og:image\" content=\"https:\/\/www.mxtotal.com\/blog\/wp-content\/uploads\/2026\/01\/EnduroGP-2025_Rnd1_18290-1360x907.jpg\" \/>\n\t<meta property=\"og:image:width\" content=\"1360\" \/>\n\t<meta property=\"og:image:height\" content=\"907\" \/>\n\t<meta property=\"og:image:type\" content=\"image\/jpeg\" \/>\n<meta name=\"author\" content=\"Colaborador\" \/>\n<meta name=\"twitter:card\" content=\"summary_large_image\" \/>\n<meta name=\"twitter:creator\" content=\"@mxtotal\" \/>\n<meta name=\"twitter:site\" content=\"@mxtotal\" \/>\n<meta name=\"twitter:label1\" content=\"Escrito por\" \/>\n\t<meta name=\"twitter:data1\" content=\"Colaborador\" \/>\n\t<meta name=\"twitter:label2\" content=\"Tiempo de lectura\" \/>\n\t<meta name=\"twitter:data2\" content=\"1 minuto\" \/>\n<script type=\"application\/ld+json\" class=\"yoast-schema-graph\">{\"@context\":\"https:\\\/\\\/schema.org\",\"@graph\":[{\"@type\":\"Article\",\"@id\":\"https:\\\/\\\/www.mxtotal.com\\\/blog\\\/equipo-nacional-de-enduro-2026-conoce-a-los-nuevos-integrantes\\\/#article\",\"isPartOf\":{\"@id\":\"https:\\\/\\\/www.mxtotal.com\\\/blog\\\/equipo-nacional-de-enduro-2026-conoce-a-los-nuevos-integrantes\\\/\"},\"author\":{\"name\":\"Colaborador\",\"@id\":\"https:\\\/\\\/www.mxtotal.com\\\/blog\\\/#\\\/schema\\\/person\\\/f6c003c52d6e8665b49fba06a70fd1e8\"},\"headline\":\"Equipo nacional de Enduro 2026: conoce a los nuevos integrantes\",\"datePublished\":\"2026-03-06T19:11:43+00:00\",\"mainEntityOfPage\":{\"@id\":\"https:\\\/\\\/www.mxtotal.com\\\/blog\\\/equipo-nacional-de-enduro-2026-conoce-a-los-nuevos-integrantes\\\/\"},\"wordCount\":301,\"publisher\":{\"@id\":\"https:\\\/\\\/www.mxtotal.com\\\/blog\\\/#organization\"},\"image\":{\"@id\":\"https:\\\/\\\/www.mxtotal.com\\\/blog\\\/equipo-nacional-de-enduro-2026-conoce-a-los-nuevos-integrantes\\\/#primaryimage\"},\"thumbnailUrl\":\"https:\\\/\\\/www.mxtotal.com\\\/blog\\\/wp-content\\\/uploads\\\/2026\\\/01\\\/EnduroGP-2025_Rnd1_18290-1360x907.jpg\",\"articleSection\":[\"Enduro\"],\"inLanguage\":\"es\"},{\"@type\":\"WebPage\",\"@id\":\"https:\\\/\\\/www.mxtotal.com\\\/blog\\\/equipo-nacional-de-enduro-2026-conoce-a-los-nuevos-integrantes\\\/\",\"url\":\"https:\\\/\\\/www.mxtotal.com\\\/blog\\\/equipo-nacional-de-enduro-2026-conoce-a-los-nuevos-integrantes\\\/\",\"name\":\"Equipo nacional de Enduro 2026: conoce a los nuevos integrantes - Blog Mxtotal\",\"isPartOf\":{\"@id\":\"https:\\\/\\\/www.mxtotal.com\\\/blog\\\/#website\"},\"primaryImageOfPage\":{\"@id\":\"https:\\\/\\\/www.mxtotal.com\\\/blog\\\/equipo-nacional-de-enduro-2026-conoce-a-los-nuevos-integrantes\\\/#primaryimage\"},\"image\":{\"@id\":\"https:\\\/\\\/www.mxtotal.com\\\/blog\\\/equipo-nacional-de-enduro-2026-conoce-a-los-nuevos-integrantes\\\/#primaryimage\"},\"thumbnailUrl\":\"https:\\\/\\\/www.mxtotal.com\\\/blog\\\/wp-content\\\/uploads\\\/2026\\\/01\\\/EnduroGP-2025_Rnd1_18290-1360x907.jpg\",\"datePublished\":\"2026-03-06T19:11:43+00:00\",\"breadcrumb\":{\"@id\":\"https:\\\/\\\/www.mxtotal.com\\\/blog\\\/equipo-nacional-de-enduro-2026-conoce-a-los-nuevos-integrantes\\\/#breadcrumb\"},\"inLanguage\":\"es\",\"potentialAction\":[{\"@type\":\"ReadAction\",\"target\":[\"https:\\\/\\\/www.mxtotal.com\\\/blog\\\/equipo-nacional-de-enduro-2026-conoce-a-los-nuevos-integrantes\\\/\"]}]},{\"@type\":\"ImageObject\",\"inLanguage\":\"es\",\"@id\":\"https:\\\/\\\/www.mxtotal.com\\\/blog\\\/equipo-nacional-de-enduro-2026-conoce-a-los-nuevos-integrantes\\\/#primaryimage\",\"url\":\"https:\\\/\\\/www.mxtotal.com\\\/blog\\\/wp-content\\\/uploads\\\/2026\\\/01\\\/EnduroGP-2025_Rnd1_18290-1360x907.jpg\",\"contentUrl\":\"https:\\\/\\\/www.mxtotal.com\\\/blog\\\/wp-content\\\/uploads\\\/2026\\\/01\\\/EnduroGP-2025_Rnd1_18290-1360x907.jpg\",\"width\":1360,\"height\":907},{\"@type\":\"BreadcrumbList\",\"@id\":\"https:\\\/\\\/www.mxtotal.com\\\/blog\\\/equipo-nacional-de-enduro-2026-conoce-a-los-nuevos-integrantes\\\/#breadcrumb\",\"itemListElement\":[{\"@type\":\"ListItem\",\"position\":1,\"name\":\"Portada\",\"item\":\"https:\\\/\\\/www.mxtotal.com\\\/blog\\\/\"},{\"@type\":\"ListItem\",\"position\":2,\"name\":\"Equipo nacional de Enduro 2026: conoce a los nuevos integrantes\"}]},{\"@type\":\"WebSite\",\"@id\":\"https:\\\/\\\/www.mxtotal.com\\\/blog\\\/#website\",\"url\":\"https:\\\/\\\/www.mxtotal.com\\\/blog\\\/\",\"name\":\"Blog Mxtotal\",\"description\":\"Blog de la tienda online de motocross Mxtotal\",\"publisher\":{\"@id\":\"https:\\\/\\\/www.mxtotal.com\\\/blog\\\/#organization\"},\"potentialAction\":[{\"@type\":\"SearchAction\",\"target\":{\"@type\":\"EntryPoint\",\"urlTemplate\":\"https:\\\/\\\/www.mxtotal.com\\\/blog\\\/?s={search_term_string}\"},\"query-input\":{\"@type\":\"PropertyValueSpecification\",\"valueRequired\":true,\"valueName\":\"search_term_string\"}}],\"inLanguage\":\"es\"},{\"@type\":\"Organization\",\"@id\":\"https:\\\/\\\/www.mxtotal.com\\\/blog\\\/#organization\",\"name\":\"Blog Mxtotal\",\"url\":\"https:\\\/\\\/www.mxtotal.com\\\/blog\\\/\",\"logo\":{\"@type\":\"ImageObject\",\"inLanguage\":\"es\",\"@id\":\"https:\\\/\\\/www.mxtotal.com\\\/blog\\\/#\\\/schema\\\/logo\\\/image\\\/\",\"url\":\"https:\\\/\\\/www.mxtotal.com\\\/blog\\\/wp-content\\\/uploads\\\/2023\\\/06\\\/logo_mxtotal.png\",\"contentUrl\":\"https:\\\/\\\/www.mxtotal.com\\\/blog\\\/wp-content\\\/uploads\\\/2023\\\/06\\\/logo_mxtotal.png\",\"width\":192,\"height\":192,\"caption\":\"Blog Mxtotal\"},\"image\":{\"@id\":\"https:\\\/\\\/www.mxtotal.com\\\/blog\\\/#\\\/schema\\\/logo\\\/image\\\/\"},\"sameAs\":[\"https:\\\/\\\/www.facebook.com\\\/mxtotal\",\"https:\\\/\\\/x.com\\\/mxtotal\",\"https:\\\/\\\/www.instagram.com\\\/mxtotal\\\/\"]},{\"@type\":\"Person\",\"@id\":\"https:\\\/\\\/www.mxtotal.com\\\/blog\\\/#\\\/schema\\\/person\\\/f6c003c52d6e8665b49fba06a70fd1e8\",\"name\":\"Colaborador\",\"image\":{\"@type\":\"ImageObject\",\"inLanguage\":\"es\",\"@id\":\"https:\\\/\\\/secure.gravatar.com\\\/avatar\\\/604cb15df773920cd961967c55dbe2827379c33870431c5a11140f31dabbe46e?s=96&d=mm&r=g\",\"url\":\"https:\\\/\\\/secure.gravatar.com\\\/avatar\\\/604cb15df773920cd961967c55dbe2827379c33870431c5a11140f31dabbe46e?s=96&d=mm&r=g\",\"contentUrl\":\"https:\\\/\\\/secure.gravatar.com\\\/avatar\\\/604cb15df773920cd961967c55dbe2827379c33870431c5a11140f31dabbe46e?s=96&d=mm&r=g\",\"caption\":\"Colaborador\"}}]}<\/script>\n<!-- \/ Yoast SEO plugin. -->","yoast_head_json":{"title":"Equipo nacional de Enduro 2026: conoce a los nuevos integrantes - Blog Mxtotal","robots":{"index":"index","follow":"follow","max-snippet":"max-snippet:-1","max-image-preview":"max-image-preview:large","max-video-preview":"max-video-preview:-1"},"canonical":"https:\/\/www.mxtotal.com\/blog\/equipo-nacional-de-enduro-2026-conoce-a-los-nuevos-integrantes\/","og_locale":"es_ES","og_type":"article","og_title":"Equipo nacional de Enduro 2026: conoce a los nuevos integrantes - Blog Mxtotal","og_description":"Un a\u00f1o m\u00e1s, la Real Federaci\u00f3n Motociclista Espa\u00f1ola reafirma su compromiso con la proyecci\u00f3n de j\u00f3venes talentos, brind\u00e1ndoles el apoyo y las herramientas necesarias para su formaci\u00f3n y crecimiento deportivo con vistas a su futuro profesional. De la mano de Jaume Betriu, seleccionador del equipo nacional de enduro, ya ha quedado definido el nuevo equipo [&hellip;]","og_url":"https:\/\/www.mxtotal.com\/blog\/equipo-nacional-de-enduro-2026-conoce-a-los-nuevos-integrantes\/","og_site_name":"Blog Mxtotal","article_publisher":"https:\/\/www.facebook.com\/mxtotal","article_published_time":"2026-03-06T19:11:43+00:00","og_image":[{"width":1360,"height":907,"url":"https:\/\/www.mxtotal.com\/blog\/wp-content\/uploads\/2026\/01\/EnduroGP-2025_Rnd1_18290-1360x907.jpg","type":"image\/jpeg"}],"author":"Colaborador","twitter_card":"summary_large_image","twitter_creator":"@mxtotal","twitter_site":"@mxtotal","twitter_misc":{"Escrito por":"Colaborador","Tiempo de lectura":"1 minuto"},"schema":{"@context":"https:\/\/schema.org","@graph":[{"@type":"Article","@id":"https:\/\/www.mxtotal.com\/blog\/equipo-nacional-de-enduro-2026-conoce-a-los-nuevos-integrantes\/#article","isPartOf":{"@id":"https:\/\/www.mxtotal.com\/blog\/equipo-nacional-de-enduro-2026-conoce-a-los-nuevos-integrantes\/"},"author":{"name":"Colaborador","@id":"https:\/\/www.mxtotal.com\/blog\/#\/schema\/person\/f6c003c52d6e8665b49fba06a70fd1e8"},"headline":"Equipo nacional de Enduro 2026: conoce a los nuevos integrantes","datePublished":"2026-03-06T19:11:43+00:00","mainEntityOfPage":{"@id":"https:\/\/www.mxtotal.com\/blog\/equipo-nacional-de-enduro-2026-conoce-a-los-nuevos-integrantes\/"},"wordCount":301,"publisher":{"@id":"https:\/\/www.mxtotal.com\/blog\/#organization"},"image":{"@id":"https:\/\/www.mxtotal.com\/blog\/equipo-nacional-de-enduro-2026-conoce-a-los-nuevos-integrantes\/#primaryimage"},"thumbnailUrl":"https:\/\/www.mxtotal.com\/blog\/wp-content\/uploads\/2026\/01\/EnduroGP-2025_Rnd1_18290-1360x907.jpg","articleSection":["Enduro"],"inLanguage":"es"},{"@type":"WebPage","@id":"https:\/\/www.mxtotal.com\/blog\/equipo-nacional-de-enduro-2026-conoce-a-los-nuevos-integrantes\/","url":"https:\/\/www.mxtotal.com\/blog\/equipo-nacional-de-enduro-2026-conoce-a-los-nuevos-integrantes\/","name":"Equipo nacional de Enduro 2026: conoce a los nuevos integrantes - Blog Mxtotal","isPartOf":{"@id":"https:\/\/www.mxtotal.com\/blog\/#website"},"primaryImageOfPage":{"@id":"https:\/\/www.mxtotal.com\/blog\/equipo-nacional-de-enduro-2026-conoce-a-los-nuevos-integrantes\/#primaryimage"},"image":{"@id":"https:\/\/www.mxtotal.com\/blog\/equipo-nacional-de-enduro-2026-conoce-a-los-nuevos-integrantes\/#primaryimage"},"thumbnailUrl":"https:\/\/www.mxtotal.com\/blog\/wp-content\/uploads\/2026\/01\/EnduroGP-2025_Rnd1_18290-1360x907.jpg","datePublished":"2026-03-06T19:11:43+00:00","breadcrumb":{"@id":"https:\/\/www.mxtotal.com\/blog\/equipo-nacional-de-enduro-2026-conoce-a-los-nuevos-integrantes\/#breadcrumb"},"inLanguage":"es","potentialAction":[{"@type":"ReadAction","target":["https:\/\/www.mxtotal.com\/blog\/equipo-nacional-de-enduro-2026-conoce-a-los-nuevos-integrantes\/"]}]},{"@type":"ImageObject","inLanguage":"es","@id":"https:\/\/www.mxtotal.com\/blog\/equipo-nacional-de-enduro-2026-conoce-a-los-nuevos-integrantes\/#primaryimage","url":"https:\/\/www.mxtotal.com\/blog\/wp-content\/uploads\/2026\/01\/EnduroGP-2025_Rnd1_18290-1360x907.jpg","contentUrl":"https:\/\/www.mxtotal.com\/blog\/wp-content\/uploads\/2026\/01\/EnduroGP-2025_Rnd1_18290-1360x907.jpg","width":1360,"height":907},{"@type":"BreadcrumbList","@id":"https:\/\/www.mxtotal.com\/blog\/equipo-nacional-de-enduro-2026-conoce-a-los-nuevos-integrantes\/#breadcrumb","itemListElement":[{"@type":"ListItem","position":1,"name":"Portada","item":"https:\/\/www.mxtotal.com\/blog\/"},{"@type":"ListItem","position":2,"name":"Equipo nacional de Enduro 2026: conoce a los nuevos integrantes"}]},{"@type":"WebSite","@id":"https:\/\/www.mxtotal.com\/blog\/#website","url":"https:\/\/www.mxtotal.com\/blog\/","name":"Blog Mxtotal","description":"Blog de la tienda online de motocross Mxtotal","publisher":{"@id":"https:\/\/www.mxtotal.com\/blog\/#organization"},"potentialAction":[{"@type":"SearchAction","target":{"@type":"EntryPoint","urlTemplate":"https:\/\/www.mxtotal.com\/blog\/?s={search_term_string}"},"query-input":{"@type":"PropertyValueSpecification","valueRequired":true,"valueName":"search_term_string"}}],"inLanguage":"es"},{"@type":"Organization","@id":"https:\/\/www.mxtotal.com\/blog\/#organization","name":"Blog Mxtotal","url":"https:\/\/www.mxtotal.com\/blog\/","logo":{"@type":"ImageObject","inLanguage":"es","@id":"https:\/\/www.mxtotal.com\/blog\/#\/schema\/logo\/image\/","url":"https:\/\/www.mxtotal.com\/blog\/wp-content\/uploads\/2023\/06\/logo_mxtotal.png","contentUrl":"https:\/\/www.mxtotal.com\/blog\/wp-content\/uploads\/2023\/06\/logo_mxtotal.png","width":192,"height":192,"caption":"Blog Mxtotal"},"image":{"@id":"https:\/\/www.mxtotal.com\/blog\/#\/schema\/logo\/image\/"},"sameAs":["https:\/\/www.facebook.com\/mxtotal","https:\/\/x.com\/mxtotal","https:\/\/www.instagram.com\/mxtotal\/"]},{"@type":"Person","@id":"https:\/\/www.mxtotal.com\/blog\/#\/schema\/person\/f6c003c52d6e8665b49fba06a70fd1e8","name":"Colaborador","image":{"@type":"ImageObject","inLanguage":"es","@id":"https:\/\/secure.gravatar.com\/avatar\/604cb15df773920cd961967c55dbe2827379c33870431c5a11140f31dabbe46e?s=96&d=mm&r=g","url":"https:\/\/secure.gravatar.com\/avatar\/604cb15df773920cd961967c55dbe2827379c33870431c5a11140f31dabbe46e?s=96&d=mm&r=g","contentUrl":"https:\/\/secure.gravatar.com\/avatar\/604cb15df773920cd961967c55dbe2827379c33870431c5a11140f31dabbe46e?s=96&d=mm&r=g","caption":"Colaborador"}}]}},"_links":{"self":[{"href":"https:\/\/www.mxtotal.com\/blog\/wp-json\/wp\/v2\/posts\/52520","targetHints":{"allow":["GET"]}}],"collection":[{"href":"https:\/\/www.mxtotal.com\/blog\/wp-json\/wp\/v2\/posts"}],"about":[{"href":"https:\/\/www.mxtotal.com\/blog\/wp-json\/wp\/v2\/types\/post"}],"author":[{"embeddable":true,"href":"https:\/\/www.mxtotal.com\/blog\/wp-json\/wp\/v2\/users\/3"}],"replies":[{"embeddable":true,"href":"https:\/\/www.mxtotal.com\/blog\/wp-json\/wp\/v2\/comments?post=52520"}],"version-history":[{"count":1,"href":"https:\/\/www.mxtotal.com\/blog\/wp-json\/wp\/v2\/posts\/52520\/revisions"}],"predecessor-version":[{"id":52627,"href":"https:\/\/www.mxtotal.com\/blog\/wp-json\/wp\/v2\/posts\/52520\/revisions\/52627"}],"wp:featuredmedia":[{"embeddable":true,"href":"https:\/\/www.mxtotal.com\/blog\/wp-json\/wp\/v2\/media\/51223"}],"wp:attachment":[{"href":"https:\/\/www.mxtotal.com\/blog\/wp-json\/wp\/v2\/media?parent=52520"}],"wp:term":[{"taxonomy":"category","embeddable":true,"href":"https:\/\/www.mxtotal.com\/blog\/wp-json\/wp\/v2\/categories?post=52520"},{"taxonomy":"post_tag","embeddable":true,"href":"https:\/\/www.mxtotal.com\/blog\/wp-json\/wp\/v2\/tags?post=52520"}],"curies":[{"name":"wp","href":"https:\/\/api.w.org\/{rel}","templated":true}]}}